{"id":104213,"date":"2023-10-20T06:37:32","date_gmt":"2023-10-20T06:37:32","guid":{"rendered":"https:\/\/primicias2262.com\/noticias\/?p=104213"},"modified":"2023-10-22T00:40:42","modified_gmt":"2023-10-22T00:40:42","slug":"podran-elegir-lista-blanca-o-lista-verde-pero-que-lo-hagan-los-trabajadores-no-un-patron-de-estancia","status":"publish","type":"post","link":"https:\/\/primicias2262.com\/noticias\/podran-elegir-lista-blanca-o-lista-verde-pero-que-lo-hagan-los-trabajadores-no-un-patron-de-estancia\/","title":{"rendered":"\u201cPodr\u00e1n elegir lista blanca o lista verde, pero que lo hagan los trabajadores, no un patr\u00f3n de estancia\u201d"},"content":{"rendered":"<p><strong>As\u00ed lo expres\u00f3 el integrante de la conducci\u00f3n de la Seccional 10 de la UATRE Quequ\u00e9n, Eduardo Davico, a quien no dejaron participar de las elecciones de autoridades de la UATRE la semana anterior y siguen insistiendo ante el Ministerio de Trabajo para tener esa instancia.<\/strong><\/p>\n<p>Davico fue entrevistado por el periodista Jorge G\u00f3mez en \u201cVoces de la Ciudad\u201d, donde se explay\u00f3 sobre la situaci\u00f3n que vienen atravesando en los \u00faltimos meses. \u201cLos verdaderos trabajadores de la Bolsa de Trabajo de la seccional Necochea nunca le impedimos a ning\u00fan trabajador que se acerque\u2026 me sorprendi\u00f3 esa nota porque nunca le cerramos la puerta a nadie, y lo cierto es que han hecho unas elecciones fraudulentas, han tra\u00eddos m\u00e1s de 200 patovicas y c\u00f3mo quieren que los reciban nuestros trabajadores cuando nos han querido amedrentar con esta gente que han tra\u00eddo desde afuera, y ese es el enojo real que tienen los trabajadores con estos 6 o 7 compa\u00f1eros\u201d.<\/p>\n<p>Cuando menciona la nota, Davico se refiere a lo expresado por el grupo antagonista con el apoyo de Natalia S\u00e1nchez J\u00e1uregui, \u201cla diputada que no conoce ni el ba\u00f1o de la Bolsa de Trabajo\u201d, enfatiz\u00f3 Eduardo, y agreg\u00f3: \u201cNo nos representa a los trabajadores, no nos representa como diputada a los ciudadanos ni como persona\u2026 esta gente deber\u00eda hacer un paso al costado y que nos conduzca gente que est\u00e9 capacitada y tire para el lado del trabajador\u201d.<\/p>\n<p>Asimismo, apunt\u00f3 a Regente, Voytenco y Carrillo. \u201cTom\u00e1s Regente dice ser peronista y act\u00faa como un militar de la mano de Jos\u00e9 Voytenco (secretario Nacional de UATRE), y nunca nos opusimos a que haya dos o tres listas ni lo pienso hacer porque creo en la democracia, nadie te puede imponer que haya una sola lista, despu\u00e9s podr\u00e1n elegir lista blanca o lista verde, pero que lo hagan los trabajadores, no un patr\u00f3n de estancia\u201d, mientras que sobre Mariano Carrillo, nombrado en representaci\u00f3n de UATRE en el Consorcio de Puerto Quequ\u00e9n, asegur\u00f3 que \u201cno sabemos qui\u00e9n es y no nos representa, lo \u00fanico que est\u00e1 logrando es que choquemos los trabajadores entre s\u00ed para llevarse gran parte de lo que es Necochea a sus bolsillos y a los bolsillos de su patr\u00f3n\u201d.<\/p>\n<p>Adem\u00e1s, Davico manifest\u00f3 que \u201csolo estoy al frente porque as\u00ed lo requieren los compa\u00f1eros que son m\u00e1s de 400 que est\u00e1n peleando por m\u00ed y que queremos que haya elecciones, no necesitamos patovicas porque somos trabajadores rurales y ac\u00e1 no hay nada raro, pero lamentablemente ellos est\u00e1n buscando un conflicto donde no debi\u00f3 haberlo nunca si realmente realizaban las elecciones como correspond\u00eda con las dos listas, y que el que gane conduzca y que el que pierda acompa\u00f1e, como nos ense\u00f1\u00f3 el \u201cMomo\u201d Venegas \u201c.<\/p>\n<p>Acerca de que el Ministerio de Trabajo tom\u00f3 el compromiso de revisar esas elecciones que a\u00fan no convalid\u00f3, se\u00f1al\u00f3 que \u201cno hemos tenido m\u00e1s noticias que las que trajimos de Buenos Aires, y sorprendi\u00f3 a todos porque Necochea fue la \u00fanica seccional que logr\u00f3 esto, pero en realidad lo tendr\u00edan que hacer en el resto del pa\u00eds porque se ha procedido de la misma manera\u201d.<\/p>\n<p>\u201cMientras tanto la lucha m\u00e1s grande la tenemos ac\u00e1, porque lo que est\u00e1n haciendo con los trabajadores del campo es apretarlos, los amenazaban con que si no ven\u00edan a votar los iban a expulsar de su lugar de trabajo y eso es jugar con la necesidad de los trabajadores\u201d, concluy\u00f3.<\/p>\n","protected":false},"excerpt":{"rendered":"<p>As\u00ed lo expres\u00f3 el integrante de la conducci\u00f3n de la Seccional 10 de la UATRE Quequ\u00e9n, Eduardo Davico, a quien no dejaron participar de las elecciones de autoridades de la UATRE la semana anterior y siguen insistiendo ante el Ministerio de Trabajo para tener esa instancia. Davico fue entrevistado por el periodista Jorge G\u00f3mez en [&hellip;]<\/p>\n","protected":false},"author":3,"featured_media":104191,"comment_status":"open","ping_status":"open","sticky":false,"template":"","format":"standard","meta":{"footnotes":""},"categories":[3],"tags":[],"class_list":["post-104213","post","type-post","status-publish","format-standard","has-post-thumbnail","category-masnoticias"],"_links":{"self":[{"href":"https:\/\/primicias2262.com\/noticias\/wp-json\/wp\/v2\/posts\/104213","targetHints":{"allow":["GET"]}}],"collection":[{"href":"https:\/\/primicias2262.com\/noticias\/wp-json\/wp\/v2\/posts"}],"about":[{"href":"https:\/\/primicias2262.com\/noticias\/wp-json\/wp\/v2\/types\/post"}],"author":[{"embeddable":true,"href":"https:\/\/primicias2262.com\/noticias\/wp-json\/wp\/v2\/users\/3"}],"replies":[{"embeddable":true,"href":"https:\/\/primicias2262.com\/noticias\/wp-json\/wp\/v2\/comments?post=104213"}],"version-history":[{"count":1,"href":"https:\/\/primicias2262.com\/noticias\/wp-json\/wp\/v2\/posts\/104213\/revisions"}],"predecessor-version":[{"id":104214,"href":"https:\/\/primicias2262.com\/noticias\/wp-json\/wp\/v2\/posts\/104213\/revisions\/104214"}],"wp:featuredmedia":[{"embeddable":true,"href":"https:\/\/primicias2262.com\/noticias\/wp-json\/wp\/v2\/media\/104191"}],"wp:attachment":[{"href":"https:\/\/primicias2262.com\/noticias\/wp-json\/wp\/v2\/media?parent=104213"}],"wp:term":[{"taxonomy":"category","embeddable":true,"href":"https:\/\/primicias2262.com\/noticias\/wp-json\/wp\/v2\/categories?post=104213"},{"taxonomy":"post_tag","embeddable":true,"href":"https:\/\/primicias2262.com\/noticias\/wp-json\/wp\/v2\/tags?post=104213"}],"curies":[{"name":"wp","href":"https:\/\/api.w.org\/{rel}","templated":true}]}}