{"id":104215,"date":"2023-10-20T06:28:30","date_gmt":"2023-10-20T06:28:30","guid":{"rendered":"https:\/\/primicias2262.com\/noticias\/?p=104215"},"modified":"2023-10-22T00:45:38","modified_gmt":"2023-10-22T00:45:38","slug":"seleccionaron-a-16-personas-para-capacitarse-en-conduccion-de-moviles-policiales","status":"publish","type":"post","link":"https:\/\/primicias2262.com\/noticias\/seleccionaron-a-16-personas-para-capacitarse-en-conduccion-de-moviles-policiales\/","title":{"rendered":"Seleccionaron a 16 personas para capacitarse en conducci\u00f3n de m\u00f3viles policiales"},"content":{"rendered":"<p><strong>Con el acompa\u00f1amiento del director de la Escuela de Polic\u00eda descentralizada \u2018Juan Vucetich\u2019 con asiento en Mar del Plata, comisario Lautaro Reyes, se realiz\u00f3 en el predio del Polideportivo Municipal la evaluaci\u00f3n inicial para aquellas personas que realizar\u00e1n los cursos para conductores de m\u00f3viles policiales, los cuales se dictar\u00e1n a partir de noviembre.<\/strong><\/p>\n<p>En virtud de ello, el subsecretario de Prevenci\u00f3n y Monitoreo del municipio, \u00c1ngel V\u00e1zquez, destac\u00f3 la presencia del comisario Reyes y su equipo en Necochea, recordando que \u201ceste curso ha sido dirigido desde el Ministerio de Seguridad de la Provincia de Buenos Aires\u201d, e informando que tras la evaluaci\u00f3n \u201cquedaron 16 personas seleccionadas que se capacitar\u00e1n desde el mes entrante en 16 materias para conducir los veh\u00edculos oficiales\u201d.<\/p>\n<p>\u201cTodo suma para mejorar la seguridad en la ciudad\u201d, subray\u00f3 el funcionario municipal, por lo que asegur\u00f3 que \u201cestamos contentos con este paso, tengamos en cuenta que venimos repitiendo la necesidad de tener polic\u00edas arriba de los patrulleros que puedan profundizar la seguridad en los barrios, as\u00ed que agradecidos por el equipo de trabajo que ha presentado el comisario\u201d.<\/p>\n<p><a href=\"https:\/\/primicias2262.com\/noticias\/wp-content\/uploads\/2023\/10\/19-10-FOTO-evaluacion-choferes-moviles.jpeg\"><img loading=\"lazy\" decoding=\"async\" class=\"aligncenter size-full wp-image-104216\" src=\"https:\/\/primicias2262.com\/noticias\/wp-content\/uploads\/2023\/10\/19-10-FOTO-evaluacion-choferes-moviles.jpeg\" alt=\"\" width=\"1600\" height=\"1204\" srcset=\"https:\/\/primicias2262.com\/noticias\/wp-content\/uploads\/2023\/10\/19-10-FOTO-evaluacion-choferes-moviles.jpeg 1600w, https:\/\/primicias2262.com\/noticias\/wp-content\/uploads\/2023\/10\/19-10-FOTO-evaluacion-choferes-moviles-300x226.jpeg 300w, https:\/\/primicias2262.com\/noticias\/wp-content\/uploads\/2023\/10\/19-10-FOTO-evaluacion-choferes-moviles-1024x771.jpeg 1024w, https:\/\/primicias2262.com\/noticias\/wp-content\/uploads\/2023\/10\/19-10-FOTO-evaluacion-choferes-moviles-768x578.jpeg 768w, https:\/\/primicias2262.com\/noticias\/wp-content\/uploads\/2023\/10\/19-10-FOTO-evaluacion-choferes-moviles-1536x1156.jpeg 1536w, https:\/\/primicias2262.com\/noticias\/wp-content\/uploads\/2023\/10\/19-10-FOTO-evaluacion-choferes-moviles-150x113.jpeg 150w, https:\/\/primicias2262.com\/noticias\/wp-content\/uploads\/2023\/10\/19-10-FOTO-evaluacion-choferes-moviles-696x524.jpeg 696w, https:\/\/primicias2262.com\/noticias\/wp-content\/uploads\/2023\/10\/19-10-FOTO-evaluacion-choferes-moviles-1068x804.jpeg 1068w\" sizes=\"auto, (max-width: 1600px) 100vw, 1600px\" \/><\/a>Por su parte, Reyes especific\u00f3 que \u00abeste curso que se viene realizando en distintos municipios de la provincia de Buenos Aires busca instruir a choferes civiles sin uso de armamento propiamente dicho y que concurren a los llamados que se denominan de bajo riesgo, como accidentes de tr\u00e1nsito o eventos de esas caracter\u00edsticas\u00bb.<\/p>\n<p>De esa manera, \u201clo que se busca es afectar al personal operativo para otro tipo de llamados y optimizar todo lo que tenga que ver con la log\u00edstica y el recurso humano\u201d, complet\u00f3 el director de la Escuela de Polic\u00eda con asiento en Mar del Plata.<\/p>\n","protected":false},"excerpt":{"rendered":"<p>Con el acompa\u00f1amiento del director de la Escuela de Polic\u00eda descentralizada \u2018Juan Vucetich\u2019 con asiento en Mar del Plata, comisario Lautaro Reyes, se realiz\u00f3 en el predio del Polideportivo Municipal la evaluaci\u00f3n inicial para aquellas personas que realizar\u00e1n los cursos para conductores de m\u00f3viles policiales, los cuales se dictar\u00e1n a partir de noviembre. En virtud [&hellip;]<\/p>\n","protected":false},"author":3,"featured_media":104217,"comment_status":"open","ping_status":"open","sticky":false,"template":"","format":"standard","meta":{"footnotes":""},"categories":[3],"tags":[],"class_list":["post-104215","post","type-post","status-publish","format-standard","has-post-thumbnail","category-masnoticias"],"_links":{"self":[{"href":"https:\/\/primicias2262.com\/noticias\/wp-json\/wp\/v2\/posts\/104215","targetHints":{"allow":["GET"]}}],"collection":[{"href":"https:\/\/primicias2262.com\/noticias\/wp-json\/wp\/v2\/posts"}],"about":[{"href":"https:\/\/primicias2262.com\/noticias\/wp-json\/wp\/v2\/types\/post"}],"author":[{"embeddable":true,"href":"https:\/\/primicias2262.com\/noticias\/wp-json\/wp\/v2\/users\/3"}],"replies":[{"embeddable":true,"href":"https:\/\/primicias2262.com\/noticias\/wp-json\/wp\/v2\/comments?post=104215"}],"version-history":[{"count":1,"href":"https:\/\/primicias2262.com\/noticias\/wp-json\/wp\/v2\/posts\/104215\/revisions"}],"predecessor-version":[{"id":104218,"href":"https:\/\/primicias2262.com\/noticias\/wp-json\/wp\/v2\/posts\/104215\/revisions\/104218"}],"wp:featuredmedia":[{"embeddable":true,"href":"https:\/\/primicias2262.com\/noticias\/wp-json\/wp\/v2\/media\/104217"}],"wp:attachment":[{"href":"https:\/\/primicias2262.com\/noticias\/wp-json\/wp\/v2\/media?parent=104215"}],"wp:term":[{"taxonomy":"category","embeddable":true,"href":"https:\/\/primicias2262.com\/noticias\/wp-json\/wp\/v2\/categories?post=104215"},{"taxonomy":"post_tag","embeddable":true,"href":"https:\/\/primicias2262.com\/noticias\/wp-json\/wp\/v2\/tags?post=104215"}],"curies":[{"name":"wp","href":"https:\/\/api.w.org\/{rel}","templated":true}]}}