{"id":104231,"date":"2023-10-20T14:17:27","date_gmt":"2023-10-20T14:17:27","guid":{"rendered":"https:\/\/primicias2262.com\/noticias\/?p=104231"},"modified":"2023-10-22T00:22:59","modified_gmt":"2023-10-22T00:22:59","slug":"nuestro-proyecto-para-gobernar-no-se-base-en-criticar-por-criticar-sino-en-que-sabemos-que-podemos-hacerlo-mejor","status":"publish","type":"post","link":"https:\/\/primicias2262.com\/noticias\/nuestro-proyecto-para-gobernar-no-se-base-en-criticar-por-criticar-sino-en-que-sabemos-que-podemos-hacerlo-mejor\/","title":{"rendered":"\u201cNuestro proyecto para gobernar no se base en criticar por criticar, sino en que sabemos que podemos hacerlo mejor\u201d"},"content":{"rendered":"<p><strong>El candidato a intendente de Uni\u00f3n por la Patria, Marcelo Rivero, visit\u00f3 los estudios de \u201cVoces de la Ciudad\u201d a menos de 48 horas de las elecciones y puso el foco en \u201cun sinn\u00famero de temas\u201d de los que no se hablan y que con su equipo saben c\u00f3mo encararlo.<\/strong><\/p>\n<p>Durante la nota realizada por el periodista Jorge G\u00f3mez, el presidente del Partido Justicialista reafirm\u00f3 como en otras entrevistas que \u201cluego de los debates con los otros candidatos qued\u00f3 bien en claro el proyecto con propuestas concretas que tiene el peronismo para gobernar el distrito. Cuando muchos candidatos solo criticaban o solo usaron el tiempo para criticar a su adversario, nosotros lo utilizamos para tirar nuestras propuestas positivas y concretas para poder mejorar nuestro distrito e integrarlo a la Provincia y Naci\u00f3n\u201d.<\/p>\n<p>Asegur\u00f3 que \u201ctengo un equipo de hombres y mujeres honestos y transparentes, con un mensaje claro a la sociedad, tales los casos de Juli\u00e1n Kristiansen, Evangelina Almada, Daniel Argibay, Walter Rens, Lucrecia Rivero y tantos otros\u201d, tras lo cual defini\u00f3 que \u201cel proyecto del peronismo para gobernar Necochea no se basa en la cr\u00edtica por la cr\u00edtica misma a lo que pasa en nuestro distrito, sino que nosotros sabemos que podemos hacerlo mejor, podemos profundizarlo y que los servicios p\u00fablicos municipales lleguen a todos los vecinos, no solamente a los que vivimos en el centro\u201d.<\/p>\n<p>Adem\u00e1s, Rivero apunt\u00f3 a la integraci\u00f3n de la comuna con los gobiernos de Naci\u00f3n y la Provincia. \u201cSe puso de relieve que gran parte de las obras p\u00fablicas que se han hecho en Necochea han sido con fondos del gobierno nacional y del gobierno provincial, desde la obra de urbanizaci\u00f3n en Barrio Los Malvones o de la Terminal hasta la bicisenda de Av. 10 hasta la Villa del Deportista; o la obra de repotenciaci\u00f3n el\u00e9ctrica para Quequ\u00e9n que ya est\u00e1 en proceso de licitaci\u00f3n que permitir\u00e1 la incorporaci\u00f3n de empresas y f\u00e1bricas\u2026 todas hechas con fondos del gobierno provincial y nacional\u201d.<\/p>\n<p>\u201cPor eso decimos que nosotros lo podemos hacer mejor\u201d, argument\u00f3, para apuntar que \u201chay que profundizar y lograr que los miles de vecinos que no tienen alumbrado p\u00fablico en sus barrios o no tienen cord\u00f3n cuneta, ni cloacas, ni las calles en condiciones, lo puedan tener, y eso nos habilita a decir que nosotros podemos llegar a la gente y meternos en otros temas que no se mete el actual gobierno municipal, como es la falta de trabajo para nuestros j\u00f3venes, que terminan el colegio y no tienen salida laboral o si quieren estudiar una carrera universitaria no lo pueden hacer en Necochea\u201d.<\/p>\n<p>Asimismo, enfatiz\u00f3 en la necesidad de que se incorporen nuevas actividades econ\u00f3micas para generar fuentes de trabajo, \u201ccomo el caso de la explotaci\u00f3n petrolera, que es un proyecto provincial que va a transformar la realidad econ\u00f3mica de la regi\u00f3n y la provincia\u201d.<\/p>\n<p>\u201cEs decir que un sinn\u00famero de temas que hoy no se est\u00e1n tocando, sin olvidarnos de la seguridad y el turismo, donde el gobierno municipal no tiene una secretar\u00eda especializada que se dedique a hacer una pol\u00edtica tur\u00edstica y nosotros s\u00ed sabemos c\u00f3mo hacerlo\u201d, agreg\u00f3 el \u201cChelo\u201d.<\/p>\n<p>En tal sentido avis\u00f3 que \u201cnosotros queremos convertir a Necochea en la capital del turismo joven durante la baja temporada y sabemos c\u00f3mo hacerlo: profundizando con la provincia en este programa que paga a alumnos de 6\u00ba y 7\u00ba A\u00f1o un viaje de egresados en un destino balneario de la provincia de buenos Aires y ac\u00e1 ya ha llegado, pero no se lleva a otro nivel por falta de trabajo en conjunto entre el municipio y la Provincia\u201d.<\/p>\n<p>Por todo lo descripto, Rivero asegur\u00f3 que \u201cestamos preparados para gobernar en el caso de que la gente nos premie con su voto y me imagino un lunes feliz por la satisfacci\u00f3n de haber cumplido y haber hecho el esfuerzo, y ojala premiados con el premio de mayor, siempre convocando a trav\u00e9s de las pol\u00edticas de Estado que nos llaman a todos los partidos pol\u00edticos, gane quien gane, a tirar juntos del mismo carro para que nuestro distrito pueda dar un paso adelante\u201d.<\/p>\n","protected":false},"excerpt":{"rendered":"<p>El candidato a intendente de Uni\u00f3n por la Patria, Marcelo Rivero, visit\u00f3 los estudios de \u201cVoces de la Ciudad\u201d a menos de 48 horas de las elecciones y puso el foco en \u201cun sinn\u00famero de temas\u201d de los que no se hablan y que con su equipo saben c\u00f3mo encararlo. Durante la nota realizada por [&hellip;]<\/p>\n","protected":false},"author":3,"featured_media":100421,"comment_status":"open","ping_status":"open","sticky":false,"template":"","format":"standard","meta":{"footnotes":""},"categories":[3],"tags":[],"class_list":["post-104231","post","type-post","status-publish","format-standard","has-post-thumbnail","category-masnoticias"],"_links":{"self":[{"href":"https:\/\/primicias2262.com\/noticias\/wp-json\/wp\/v2\/posts\/104231","targetHints":{"allow":["GET"]}}],"collection":[{"href":"https:\/\/primicias2262.com\/noticias\/wp-json\/wp\/v2\/posts"}],"about":[{"href":"https:\/\/primicias2262.com\/noticias\/wp-json\/wp\/v2\/types\/post"}],"author":[{"embeddable":true,"href":"https:\/\/primicias2262.com\/noticias\/wp-json\/wp\/v2\/users\/3"}],"replies":[{"embeddable":true,"href":"https:\/\/primicias2262.com\/noticias\/wp-json\/wp\/v2\/comments?post=104231"}],"version-history":[{"count":1,"href":"https:\/\/primicias2262.com\/noticias\/wp-json\/wp\/v2\/posts\/104231\/revisions"}],"predecessor-version":[{"id":104232,"href":"https:\/\/primicias2262.com\/noticias\/wp-json\/wp\/v2\/posts\/104231\/revisions\/104232"}],"wp:featuredmedia":[{"embeddable":true,"href":"https:\/\/primicias2262.com\/noticias\/wp-json\/wp\/v2\/media\/100421"}],"wp:attachment":[{"href":"https:\/\/primicias2262.com\/noticias\/wp-json\/wp\/v2\/media?parent=104231"}],"wp:term":[{"taxonomy":"category","embeddable":true,"href":"https:\/\/primicias2262.com\/noticias\/wp-json\/wp\/v2\/categories?post=104231"},{"taxonomy":"post_tag","embeddable":true,"href":"https:\/\/primicias2262.com\/noticias\/wp-json\/wp\/v2\/tags?post=104231"}],"curies":[{"name":"wp","href":"https:\/\/api.w.org\/{rel}","templated":true}]}}