{"id":104250,"date":"2023-10-22T00:22:00","date_gmt":"2023-10-22T00:22:00","guid":{"rendered":"https:\/\/primicias2262.com\/noticias\/?p=104250"},"modified":"2023-10-23T03:35:28","modified_gmt":"2023-10-23T03:35:28","slug":"mas-de-un-millon-de-jovenes-de-16-y-17-anos-podran-votar-en-estas-elecciones","status":"publish","type":"post","link":"https:\/\/primicias2262.com\/noticias\/mas-de-un-millon-de-jovenes-de-16-y-17-anos-podran-votar-en-estas-elecciones\/","title":{"rendered":"M\u00e1s de un mill\u00f3n de j\u00f3venes de 16 y 17 a\u00f1os podr\u00e1n votar en estas elecciones"},"content":{"rendered":"<p>M\u00e1s de un mill\u00f3n de j\u00f3venes de 16 y 17 a\u00f1os, que representa\u00a0<strong>el 3,3% de los electores del padr\u00f3n<\/strong>, est\u00e1n en condiciones de votar este domingo en las elecciones generales, tras una campa\u00f1a electoral que busc\u00f3 captar su inter\u00e9s, sobre todo a trav\u00e9s de los mensajes en las redes sociales y plataformas digitales.<\/p>\n<p>Seg\u00fan cifras de la Direcci\u00f3n Nacional Electoral, se trata de un total de<strong>\u00a01.168.033 j\u00f3venes de entre 16 y 17 a\u00f1os<\/strong>, casi un 47% m\u00e1s que las elecciones pasadas.<\/p>\n<p>Por otro lado, dentro de los votantes \u00abj\u00f3venes\u00bb, seg\u00fan el padr\u00f3n electoral,\u00a0<strong>las personas entre 18 y 29 a\u00f1os que pueden emitir su voto son un total de 8.337.914<\/strong>\u00a0y representan el 24,29% del padr\u00f3n.<\/p>\n<p><strong>Ley de Voto Joven<\/strong><\/p>\n<p>La Ley de Ciudadan\u00eda Argentina N\u00b026.774, conocida como Ley de Voto Joven, se sancion\u00f3 el<strong>\u00a031 de octubre de 2012\u00a0<\/strong>y establece el derecho de las personas j\u00f3venes de 16 y 17 a\u00f1os,\u00a0<strong>nativas o por opci\u00f3n y no nativas o naturalizadas argentinas<\/strong>, a participar en elecciones, ejercer el derecho al voto y elegir a sus representantes.<\/p>\n<p>Luego de esta reforma<strong>\u00a0las provincias fueron adaptando su legislaci\u00f3n\u00a0<\/strong>para extender el beneficio a los j\u00f3venes de 16 a\u00f1os ya que cada Estado del interior en un marco federal tiene la facultad de dictar su orden pol\u00edtico e institucional y en consecuencia su sistema electorales aunque dentro del \u00e1mbito de las normas de la Constituci\u00f3n Nacional.<\/p>\n<p>M\u00e1s de un mill\u00f3n de j\u00f3venes de 16 y 17 a\u00f1os, que representa\u00a0<strong>el 3,3% de los electores del padr\u00f3n<\/strong>, est\u00e1n en condiciones de votar este domingo en las elecciones generales, tras una campa\u00f1a electoral que busc\u00f3 captar su inter\u00e9s, sobre todo a trav\u00e9s de los mensajes en las redes sociales y plataformas digitales.<\/p>\n<p>Seg\u00fan cifras de la Direcci\u00f3n Nacional Electoral, se trata de un total de<strong>\u00a01.168.033 j\u00f3venes de entre 16 y 17 a\u00f1os<\/strong>, casi un 47% m\u00e1s que las elecciones pasadas.<\/p>\n<p>Por otro lado, dentro de los votantes \u00abj\u00f3venes\u00bb, seg\u00fan el padr\u00f3n electoral,\u00a0<strong>las personas entre 18 y 29 a\u00f1os que pueden emitir su voto son un total de 8.337.914<\/strong>\u00a0y representan el 24,29% del padr\u00f3n.<\/p>\n<p>&nbsp;<\/p>\n","protected":false},"excerpt":{"rendered":"<p>M\u00e1s de un mill\u00f3n de j\u00f3venes de 16 y 17 a\u00f1os, que representa\u00a0el 3,3% de los electores del padr\u00f3n, est\u00e1n en condiciones de votar este domingo en las elecciones generales, tras una campa\u00f1a electoral que busc\u00f3 captar su inter\u00e9s, sobre todo a trav\u00e9s de los mensajes en las redes sociales y plataformas digitales. Seg\u00fan cifras [&hellip;]<\/p>\n","protected":false},"author":3,"featured_media":104251,"comment_status":"open","ping_status":"open","sticky":false,"template":"","format":"standard","meta":{"footnotes":""},"categories":[3],"tags":[],"class_list":["post-104250","post","type-post","status-publish","format-standard","has-post-thumbnail","category-masnoticias"],"_links":{"self":[{"href":"https:\/\/primicias2262.com\/noticias\/wp-json\/wp\/v2\/posts\/104250","targetHints":{"allow":["GET"]}}],"collection":[{"href":"https:\/\/primicias2262.com\/noticias\/wp-json\/wp\/v2\/posts"}],"about":[{"href":"https:\/\/primicias2262.com\/noticias\/wp-json\/wp\/v2\/types\/post"}],"author":[{"embeddable":true,"href":"https:\/\/primicias2262.com\/noticias\/wp-json\/wp\/v2\/users\/3"}],"replies":[{"embeddable":true,"href":"https:\/\/primicias2262.com\/noticias\/wp-json\/wp\/v2\/comments?post=104250"}],"version-history":[{"count":1,"href":"https:\/\/primicias2262.com\/noticias\/wp-json\/wp\/v2\/posts\/104250\/revisions"}],"predecessor-version":[{"id":104252,"href":"https:\/\/primicias2262.com\/noticias\/wp-json\/wp\/v2\/posts\/104250\/revisions\/104252"}],"wp:featuredmedia":[{"embeddable":true,"href":"https:\/\/primicias2262.com\/noticias\/wp-json\/wp\/v2\/media\/104251"}],"wp:attachment":[{"href":"https:\/\/primicias2262.com\/noticias\/wp-json\/wp\/v2\/media?parent=104250"}],"wp:term":[{"taxonomy":"category","embeddable":true,"href":"https:\/\/primicias2262.com\/noticias\/wp-json\/wp\/v2\/categories?post=104250"},{"taxonomy":"post_tag","embeddable":true,"href":"https:\/\/primicias2262.com\/noticias\/wp-json\/wp\/v2\/tags?post=104250"}],"curies":[{"name":"wp","href":"https:\/\/api.w.org\/{rel}","templated":true}]}}