{"id":104256,"date":"2023-10-22T00:39:30","date_gmt":"2023-10-22T00:39:30","guid":{"rendered":"https:\/\/primicias2262.com\/noticias\/?p=104256"},"modified":"2023-10-23T04:10:25","modified_gmt":"2023-10-23T04:10:25","slug":"termino-de-pavimentarse-una-mano-de-la-avenida-43-y-avanza-la-urbanizacion-del-barrio-terminal","status":"publish","type":"post","link":"https:\/\/primicias2262.com\/noticias\/termino-de-pavimentarse-una-mano-de-la-avenida-43-y-avanza-la-urbanizacion-del-barrio-terminal\/","title":{"rendered":"Termin\u00f3 de pavimentarse una mano de la Avenida 43 y avanza la urbanizaci\u00f3n del Barrio Terminal"},"content":{"rendered":"<p>Este viernes termin\u00f3 de pavimentarse la mano descendente de la Avenida 43, que une la calle 62 con la 58, marcando otro hito en la obra de urbanizaci\u00f3n integral del Barrio Terminal, que el intendente Arturo Rojas gestion\u00f3 ante la Secretar\u00eda de Integraci\u00f3n Socio Urbana del Ministerio de Desarrollo Social de la Naci\u00f3n y que dotar\u00e1 de servicios b\u00e1sicos a una gran poblaci\u00f3n de la ciudad.<\/p>\n<p>Asimismo, otro dato no menor de los que registra el proyecto a estas horas tiene que ver con la construcci\u00f3n de cordones cunetas y badenes en 200 metros lineales en la calle 60 entre 43 y 47, sobre ambas manos, arteria que una vez entoscada generar\u00e1 otra v\u00eda alternativa para el sector y favorecer\u00e1 a las instituciones educativas y culturales ubicadas en los lotes linderos.<\/p>\n<p>Vale destacar que esta obra era esperada desde hac\u00eda m\u00e1s de 25 a\u00f1os, cuando fue anunciada y tan solo lleg\u00f3 a concretarse la etapa de cord\u00f3n cuneta, por lo que se trata de un avance hist\u00f3rico para el entramado vial de Necochea que se pudo consolidar gracias a las negociaciones del primer mandatario local con la empresa Camuzzi, encargada de la distribuci\u00f3n del gas natural, para tomar las medidas correspondientes y destrabar el conflicto.<\/p>\n<p>El proyecto de urbanizaci\u00f3n en el Barrio Terminal contempla, adem\u00e1s, el tendido de obras de infraestructura b\u00e1sica que transformar\u00e1n la realidad de una zona muy postergada y en la que habitan unas 150 familias, llev\u00e1ndoles dignidad a trav\u00e9s de la mejora de sus condiciones de vida.<\/p>\n<p>Adem\u00e1s de agua potable y cloacas, prev\u00e9 la iluminaci\u00f3n de todo el sector, la construcci\u00f3n de cordones cuneta, la recuperaci\u00f3n de un espacio verde para convertirlo en plaza, la transformaci\u00f3n de uno de los galpones de la vieja Estaci\u00f3n de Trenes en un espacio de usos m\u00faltiples para desarrollar actividades culturales y recreativas, y una obra de extensi\u00f3n pluvial que conecta al barrio con la red de la Avenida 58.<\/p>\n","protected":false},"excerpt":{"rendered":"<p>Este viernes termin\u00f3 de pavimentarse la mano descendente de la Avenida 43, que une la calle 62 con la 58, marcando otro hito en la obra de urbanizaci\u00f3n integral del Barrio Terminal, que el intendente Arturo Rojas gestion\u00f3 ante la Secretar\u00eda de Integraci\u00f3n Socio Urbana del Ministerio de Desarrollo Social de la Naci\u00f3n y que [&hellip;]<\/p>\n","protected":false},"author":3,"featured_media":104257,"comment_status":"open","ping_status":"open","sticky":false,"template":"","format":"standard","meta":{"footnotes":""},"categories":[3],"tags":[],"class_list":["post-104256","post","type-post","status-publish","format-standard","has-post-thumbnail","category-masnoticias"],"_links":{"self":[{"href":"https:\/\/primicias2262.com\/noticias\/wp-json\/wp\/v2\/posts\/104256","targetHints":{"allow":["GET"]}}],"collection":[{"href":"https:\/\/primicias2262.com\/noticias\/wp-json\/wp\/v2\/posts"}],"about":[{"href":"https:\/\/primicias2262.com\/noticias\/wp-json\/wp\/v2\/types\/post"}],"author":[{"embeddable":true,"href":"https:\/\/primicias2262.com\/noticias\/wp-json\/wp\/v2\/users\/3"}],"replies":[{"embeddable":true,"href":"https:\/\/primicias2262.com\/noticias\/wp-json\/wp\/v2\/comments?post=104256"}],"version-history":[{"count":1,"href":"https:\/\/primicias2262.com\/noticias\/wp-json\/wp\/v2\/posts\/104256\/revisions"}],"predecessor-version":[{"id":104258,"href":"https:\/\/primicias2262.com\/noticias\/wp-json\/wp\/v2\/posts\/104256\/revisions\/104258"}],"wp:featuredmedia":[{"embeddable":true,"href":"https:\/\/primicias2262.com\/noticias\/wp-json\/wp\/v2\/media\/104257"}],"wp:attachment":[{"href":"https:\/\/primicias2262.com\/noticias\/wp-json\/wp\/v2\/media?parent=104256"}],"wp:term":[{"taxonomy":"category","embeddable":true,"href":"https:\/\/primicias2262.com\/noticias\/wp-json\/wp\/v2\/categories?post=104256"},{"taxonomy":"post_tag","embeddable":true,"href":"https:\/\/primicias2262.com\/noticias\/wp-json\/wp\/v2\/tags?post=104256"}],"curies":[{"name":"wp","href":"https:\/\/api.w.org\/{rel}","templated":true}]}}