{"id":104259,"date":"2023-10-22T00:44:59","date_gmt":"2023-10-22T00:44:59","guid":{"rendered":"https:\/\/primicias2262.com\/noticias\/?p=104259"},"modified":"2023-10-23T03:58:37","modified_gmt":"2023-10-23T03:58:37","slug":"dos-nuevas-rondas-de-emprendedores-y-el-anuncio-de-una-expo-para-mostrar-el-avance-de-proyectos-capacitados","status":"publish","type":"post","link":"https:\/\/primicias2262.com\/noticias\/dos-nuevas-rondas-de-emprendedores-y-el-anuncio-de-una-expo-para-mostrar-el-avance-de-proyectos-capacitados\/","title":{"rendered":"Dos nuevas rondas de emprendedores y el anuncio de una Expo para mostrar el avance de proyectos capacitados"},"content":{"rendered":"<p><strong>La semana pasada, antes de los festejos por el Aniversario de Necochea, diecisiete proyectos creados y elaborados por manos locales mostraron su desarrollo, tendieron redes y detallaron necesidades de formaci\u00f3n para el a\u00f1o entrante. En diciembre se realizar\u00e1 una muestra para dar impulso a este sector tan importante de la econom\u00eda distrital.<\/strong><\/p>\n<p>En dos nuevas rondas de emprendedores organizadas por la Secretar\u00eda de Turismo y Desarrollo Productivo, otros diecisiete proyectos creados y elaborados por manos locales mostraron su desarrollo, tendieron redes y explicaron cu\u00e1les herramientas de apoyo de las que les puede brindar el municipio ser\u00edan de suma utilidad para el a\u00f1o entrante, sobre todo teniendo en cuenta que algunos ya han sido capacitados en los cursos que dicta regularmente el \u00e1rea de la comuna.<\/p>\n<p>En la tarde del pasado martes 10, se reunieron ante la convocatoria de la Direcci\u00f3n de Emprendimientos y Pymes \u201cImprimar3D\u201d, de Adri\u00e1n Carlis, \u201cGuardapolvos Eclipse\u201d, de Olga Amezcua; \u201cMil Noches Tejidos\u201d, de Camila David; \u201cRCP\u201d, de Marisa Fortunato y Mario Rodr\u00edguez; Diana Garc\u00e9s; \u201cHola Poo\u201d, de Ignacio Oliver, \u201cCocolima\u201d, de Nadia Ortiz Birge; \u201cLas Marmelitas\u201d, de Sabrina Trippe; \u201cBrian Bon\u201d, de Braian Bonzon; y \u201cSoftware\u201d, de Oscar Mart\u00ednez.<\/p>\n<p>Mientras que, al d\u00eda siguiente, el mi\u00e9rcoles 11, estuvieron presentes con sus productos \u201cMartila\u201d, de Laura Mart\u00ednez; \u201cMi Mam\u00e1 me Mima\u201d, de Gisele Gavil\u00e1n D\u00edaz, \u201cMitra\u201d, de Marga Rodr\u00edguez; \u201cRecimetal\u201d, de Ariel Franco; \u201cDeleitaos\u201d, de Mart\u00edn Garc\u00eda, \u201cDecosense\u201d, de Andrea Posada; y \u201cMelkita\u201d, de Micaela M\u00e9ndez.<\/p>\n<p>Sobre estas nuevas experiencias, Antonela Giglio, a cargo de la dependencia que act\u00faa bajo la \u00f3rbita de la Secretar\u00eda, cont\u00f3 que las jornadas fueron especiales porque muchos de los y las asistentes \u201cfueron alumnos del Programa Emprender\u201d, por lo que \u201cpudimos charlar sobre c\u00f3mo hab\u00edan ido evolucionado sus emprendimientos a partir de los conocimientos adquiridos en los cursos, empezando a cambiar y fortalecer sus proyectos ya en el corto plazo\u201d.<\/p>\n<p>En ese aspecto, la funcionaria agreg\u00f3 que \u201calgunos empezaron a implementar tiendas virtuales, otros cambiaron algunas cosas de su comunicaci\u00f3n visual, o aplicaron otras herramientas que pudieron profundizar a trav\u00e9s de la capacitaci\u00f3n\u201d.<\/p>\n<p>&nbsp;<\/p>\n<figure class=\"wp-block-gallery has-nested-images columns-default is-cropped wp-block-gallery-5 is-layout-flex wp-block-gallery-is-layout-flex\">\n<figure class=\"wp-block-image size-large\"><\/figure>\n<\/figure>\n","protected":false},"excerpt":{"rendered":"<p>La semana pasada, antes de los festejos por el Aniversario de Necochea, diecisiete proyectos creados y elaborados por manos locales mostraron su desarrollo, tendieron redes y detallaron necesidades de formaci\u00f3n para el a\u00f1o entrante. En diciembre se realizar\u00e1 una muestra para dar impulso a este sector tan importante de la econom\u00eda distrital. En dos nuevas [&hellip;]<\/p>\n","protected":false},"author":3,"featured_media":104260,"comment_status":"open","ping_status":"open","sticky":false,"template":"","format":"standard","meta":{"footnotes":""},"categories":[3],"tags":[],"class_list":["post-104259","post","type-post","status-publish","format-standard","has-post-thumbnail","category-masnoticias"],"_links":{"self":[{"href":"https:\/\/primicias2262.com\/noticias\/wp-json\/wp\/v2\/posts\/104259","targetHints":{"allow":["GET"]}}],"collection":[{"href":"https:\/\/primicias2262.com\/noticias\/wp-json\/wp\/v2\/posts"}],"about":[{"href":"https:\/\/primicias2262.com\/noticias\/wp-json\/wp\/v2\/types\/post"}],"author":[{"embeddable":true,"href":"https:\/\/primicias2262.com\/noticias\/wp-json\/wp\/v2\/users\/3"}],"replies":[{"embeddable":true,"href":"https:\/\/primicias2262.com\/noticias\/wp-json\/wp\/v2\/comments?post=104259"}],"version-history":[{"count":1,"href":"https:\/\/primicias2262.com\/noticias\/wp-json\/wp\/v2\/posts\/104259\/revisions"}],"predecessor-version":[{"id":104261,"href":"https:\/\/primicias2262.com\/noticias\/wp-json\/wp\/v2\/posts\/104259\/revisions\/104261"}],"wp:featuredmedia":[{"embeddable":true,"href":"https:\/\/primicias2262.com\/noticias\/wp-json\/wp\/v2\/media\/104260"}],"wp:attachment":[{"href":"https:\/\/primicias2262.com\/noticias\/wp-json\/wp\/v2\/media?parent=104259"}],"wp:term":[{"taxonomy":"category","embeddable":true,"href":"https:\/\/primicias2262.com\/noticias\/wp-json\/wp\/v2\/categories?post=104259"},{"taxonomy":"post_tag","embeddable":true,"href":"https:\/\/primicias2262.com\/noticias\/wp-json\/wp\/v2\/tags?post=104259"}],"curies":[{"name":"wp","href":"https:\/\/api.w.org\/{rel}","templated":true}]}}