{"id":104289,"date":"2023-10-23T03:34:47","date_gmt":"2023-10-23T03:34:47","guid":{"rendered":"https:\/\/primicias2262.com\/noticias\/?p=104289"},"modified":"2023-10-23T16:32:08","modified_gmt":"2023-10-23T16:32:08","slug":"despues-de-4-anos-el-orgullo-es-doble-de-que-la-gente-nos-haya-vuelto-a-elegir","status":"publish","type":"post","link":"https:\/\/primicias2262.com\/noticias\/despues-de-4-anos-el-orgullo-es-doble-de-que-la-gente-nos-haya-vuelto-a-elegir\/","title":{"rendered":"\u00abDespu\u00e9s de 4 a\u00f1os el orgullo es doble de que la gente nos haya vuelto a elegir\u00bb"},"content":{"rendered":"<p>El intendente Arturo Rojas asegur\u00f3 que \u00aben el 2019 sent\u00ed un profundo orgullo por lo que hab\u00edamos logrado con nuestro equipo, pero despu\u00e9s de 4 a\u00f1os de gesti\u00f3n el orgullo es el doble de que la gente nos haya vuelto a elegir\u00bb.<\/p>\n<p>As\u00ed se expres\u00f3 el jefe comunal quien obtuvo la reelecci\u00f3n con m\u00e1s del 49% de los votos, cifra que le permite obtener a Nueva Necochea 5 esca\u00f1os en el Concejo Deliberante, por encima de las 2 bancas de La Libertad Avanza, las 2 de Uni\u00f3n por la Patria y 1 de Juntos por el Cambio.<\/p>\n<p>Tras felicitar a sus adversarios, Rojas destac\u00f3 que \u00abhemos ganado en cada una de las mesas del distrito\u00bb y agreg\u00f3 que \u00abhoy nos tocar\u00e1 festajar despu\u00e9s de tanto sacrificio para llegar con nuestro mensaje, pero ma\u00f1ana le voy a exigir a nuestro equipo que redoblemos el esfuerzo\u00bb.<\/p>\n<p><a href=\"https:\/\/primicias2262.com\/noticias\/wp-content\/uploads\/2023\/10\/WhatsApp-Image-2023-10-22-at-11.38.29-PM-1.jpeg\"><img loading=\"lazy\" decoding=\"async\" class=\"aligncenter size-full wp-image-104290\" src=\"https:\/\/primicias2262.com\/noticias\/wp-content\/uploads\/2023\/10\/WhatsApp-Image-2023-10-22-at-11.38.29-PM-1.jpeg\" alt=\"\" width=\"1280\" height=\"719\" srcset=\"https:\/\/primicias2262.com\/noticias\/wp-content\/uploads\/2023\/10\/WhatsApp-Image-2023-10-22-at-11.38.29-PM-1.jpeg 1280w, https:\/\/primicias2262.com\/noticias\/wp-content\/uploads\/2023\/10\/WhatsApp-Image-2023-10-22-at-11.38.29-PM-1-300x169.jpeg 300w, https:\/\/primicias2262.com\/noticias\/wp-content\/uploads\/2023\/10\/WhatsApp-Image-2023-10-22-at-11.38.29-PM-1-1024x575.jpeg 1024w, https:\/\/primicias2262.com\/noticias\/wp-content\/uploads\/2023\/10\/WhatsApp-Image-2023-10-22-at-11.38.29-PM-1-768x431.jpeg 768w, https:\/\/primicias2262.com\/noticias\/wp-content\/uploads\/2023\/10\/WhatsApp-Image-2023-10-22-at-11.38.29-PM-1-150x84.jpeg 150w, https:\/\/primicias2262.com\/noticias\/wp-content\/uploads\/2023\/10\/WhatsApp-Image-2023-10-22-at-11.38.29-PM-1-696x391.jpeg 696w, https:\/\/primicias2262.com\/noticias\/wp-content\/uploads\/2023\/10\/WhatsApp-Image-2023-10-22-at-11.38.29-PM-1-1068x600.jpeg 1068w\" sizes=\"auto, (max-width: 1280px) 100vw, 1280px\" \/><\/a><\/p>\n<p>\u00abEsto no es m\u00e1s que un voto de confianza que lo debemos tomar con absoluta responsabilidad porque sabemos que estamos en el camino correcto y hemos logrado muchas cosas, pero sabemos que las que vienen son mucho mejores\u00bb, se\u00f1al\u00f3 el intendente.<\/p>\n<p>Por otra parte se comprometi\u00f3 a terminar con el basural a cielo abierto y tambien a resolver la situaci\u00f3n del Complejo Casino y a finalizar la obra de la Playa de Camiones Municipales, a seguir gestionando para tener una Terminal de \u00d3mnibus y a \u201cponer al distrito de Necochea como el motor del desarrollo econ\u00f3mico y productivo de toda la regi\u00f3n, porque tenemos con qu\u00e9 para seguir generando las condiciones para que haya m\u00e1s empleo genuino y de calidad\u201d.<\/p>\n<p>Tenemos una ciudad maravillosa y este cambio que estamos haciendo es un cambio profundo, es un cambio cultural, es volver a recuperar el orgullo de vivir en un distrito como el nuestro\u201d, comenz\u00f3 a cerrar su discurso.<\/p>\n<p>Sobre ese concepto, sentenci\u00f3: \u201cA aquellos que elogian permanentemente a otros distritos, yo les digo que nac\u00ed, me crie y me voy a morir en mi ciudad, porque la amo. Y voy a trabajar para que Necochea, Quequ\u00e9n y el interior sean una de las mejores ciudades de la Rep\u00fablica Argentina. Tenemos todo. Tenemos una tierra bendecida por la mano de Dios y lo que nos hac\u00eda falta era tener un gobierno que haga lo que tiene que hacer\u201d.<\/p>\n<p>\u201cPor supuesto que nos cost\u00f3 mucho, por supuesto que nos cost\u00f3 agarrar un municipio fundido y una ciudad abandonada. Pero con el esfuerzo de mi equipo, del cual me siento absolutamente orgulloso, hemos logrado ponerla de pie nuevamente y vamos a seguir transitando en este camino para lograr el crecimiento y el desarrollo de todo el distrito\u201d, afirm\u00f3 el l\u00edder de Nueva Necochea.<\/p>\n<p>Ponderando la creaci\u00f3n de un espacio que convoque a los mejores, el Intendente atestigu\u00f3: \u201cA aquellos que dec\u00edan que estaba loco por crear un partido vecinal, hoy les demostramos que somos un espacio pol\u00edtico plural. En este espacio y en nuestro gobierno hay peronistas, hay radicales, hay del PRO, hay kirchneristas y hay muchos vecinos de sectores independientes. Y saben qu\u00e9, lo que nos une a todos nosotros es el amor por Necochea\u201d.<\/p>\n<p><strong>FOTOS: Estefan\u00eda Dray<\/strong><\/p>\n","protected":false},"excerpt":{"rendered":"<p>El intendente Arturo Rojas asegur\u00f3 que \u00aben el 2019 sent\u00ed un profundo orgullo por lo que hab\u00edamos logrado con nuestro equipo, pero despu\u00e9s de 4 a\u00f1os de gesti\u00f3n el orgullo es el doble de que la gente nos haya vuelto a elegir\u00bb. As\u00ed se expres\u00f3 el jefe comunal quien obtuvo la reelecci\u00f3n con m\u00e1s del [&hellip;]<\/p>\n","protected":false},"author":3,"featured_media":104291,"comment_status":"open","ping_status":"open","sticky":false,"template":"","format":"standard","meta":{"footnotes":""},"categories":[3],"tags":[],"class_list":["post-104289","post","type-post","status-publish","format-standard","has-post-thumbnail","category-masnoticias"],"_links":{"self":[{"href":"https:\/\/primicias2262.com\/noticias\/wp-json\/wp\/v2\/posts\/104289","targetHints":{"allow":["GET"]}}],"collection":[{"href":"https:\/\/primicias2262.com\/noticias\/wp-json\/wp\/v2\/posts"}],"about":[{"href":"https:\/\/primicias2262.com\/noticias\/wp-json\/wp\/v2\/types\/post"}],"author":[{"embeddable":true,"href":"https:\/\/primicias2262.com\/noticias\/wp-json\/wp\/v2\/users\/3"}],"replies":[{"embeddable":true,"href":"https:\/\/primicias2262.com\/noticias\/wp-json\/wp\/v2\/comments?post=104289"}],"version-history":[{"count":1,"href":"https:\/\/primicias2262.com\/noticias\/wp-json\/wp\/v2\/posts\/104289\/revisions"}],"predecessor-version":[{"id":104292,"href":"https:\/\/primicias2262.com\/noticias\/wp-json\/wp\/v2\/posts\/104289\/revisions\/104292"}],"wp:featuredmedia":[{"embeddable":true,"href":"https:\/\/primicias2262.com\/noticias\/wp-json\/wp\/v2\/media\/104291"}],"wp:attachment":[{"href":"https:\/\/primicias2262.com\/noticias\/wp-json\/wp\/v2\/media?parent=104289"}],"wp:term":[{"taxonomy":"category","embeddable":true,"href":"https:\/\/primicias2262.com\/noticias\/wp-json\/wp\/v2\/categories?post=104289"},{"taxonomy":"post_tag","embeddable":true,"href":"https:\/\/primicias2262.com\/noticias\/wp-json\/wp\/v2\/tags?post=104289"}],"curies":[{"name":"wp","href":"https:\/\/api.w.org\/{rel}","templated":true}]}}