{"id":104293,"date":"2023-10-22T18:39:57","date_gmt":"2023-10-22T18:39:57","guid":{"rendered":"https:\/\/primicias2262.com\/noticias\/?p=104293"},"modified":"2023-10-23T16:33:50","modified_gmt":"2023-10-23T16:33:50","slug":"juntos-por-el-cambio-se-cayo-y-no-fue-competitivo-manifesto-migueles","status":"publish","type":"post","link":"https:\/\/primicias2262.com\/noticias\/juntos-por-el-cambio-se-cayo-y-no-fue-competitivo-manifesto-migueles\/","title":{"rendered":"\u00abJuntos por el Cambio se cay\u00f3 y no fue competitivo\u00bb, manifest\u00f3 Migueles"},"content":{"rendered":"<p>\u00abJuntos por el Cambio qued\u00f3 como el tercer espacio (en el pa\u00eds) y eso especialmente se sinti\u00f3 en el interior porque no nos permiti\u00f3 tener el voto arrastre de otras elecciones\u00bb, analiz\u00f3 el candidato a intendente de esa fuerza pol\u00edtica, Mart\u00edn Migueles.<\/p>\n<p>Opin\u00f3 que \u00abel espacio de juntos por el Cambio se cay\u00f3 y no fue competitivo\u00bb y agreg\u00f3 que \u00abnosotros hicimos una campa\u00f1a a nuestra manera: hicimos recorridas en los barrios\u00a0 y donaciones, estuvimos con los vecinos y eso lo entendemos como constructivo\u00bb.<\/p>\n<p>Valor\u00f3 que Rodrigo Irigoyen haya resultado electo concejal porque consider\u00f3 que \u00abes un chico muy valioso\u00bb y a\u00f1adi\u00f3 que que se mostr\u00f3 sorprendido por el resultado de las elecciones a nivel nacional porque \u00abcon semejante nivel de inflaci\u00f3n, tanta pobreza y semejante nivel de inseguridad pueda ganar el actual gobierno\u00bb.<\/p>\n<p>\u00abNo s\u00f3lo que gan\u00f3 (Massa) sino con ventajas muy importantes sobre Milei y Patricia (Bullrich), es decir que la gente est\u00e1 de acuerdo con este gobierno, pero yo quiero otro pa\u00eds y voy a seguir luchando para eso\u00bb, indic\u00f3 Migueles.<\/p>\n","protected":false},"excerpt":{"rendered":"<p>\u00abJuntos por el Cambio qued\u00f3 como el tercer espacio (en el pa\u00eds) y eso especialmente se sinti\u00f3 en el interior porque no nos permiti\u00f3 tener el voto arrastre de otras elecciones\u00bb, analiz\u00f3 el candidato a intendente de esa fuerza pol\u00edtica, Mart\u00edn Migueles. Opin\u00f3 que \u00abel espacio de juntos por el Cambio se cay\u00f3 y no [&hellip;]<\/p>\n","protected":false},"author":3,"featured_media":104294,"comment_status":"open","ping_status":"open","sticky":false,"template":"","format":"standard","meta":{"footnotes":""},"categories":[3],"tags":[],"class_list":["post-104293","post","type-post","status-publish","format-standard","has-post-thumbnail","category-masnoticias"],"_links":{"self":[{"href":"https:\/\/primicias2262.com\/noticias\/wp-json\/wp\/v2\/posts\/104293","targetHints":{"allow":["GET"]}}],"collection":[{"href":"https:\/\/primicias2262.com\/noticias\/wp-json\/wp\/v2\/posts"}],"about":[{"href":"https:\/\/primicias2262.com\/noticias\/wp-json\/wp\/v2\/types\/post"}],"author":[{"embeddable":true,"href":"https:\/\/primicias2262.com\/noticias\/wp-json\/wp\/v2\/users\/3"}],"replies":[{"embeddable":true,"href":"https:\/\/primicias2262.com\/noticias\/wp-json\/wp\/v2\/comments?post=104293"}],"version-history":[{"count":2,"href":"https:\/\/primicias2262.com\/noticias\/wp-json\/wp\/v2\/posts\/104293\/revisions"}],"predecessor-version":[{"id":104318,"href":"https:\/\/primicias2262.com\/noticias\/wp-json\/wp\/v2\/posts\/104293\/revisions\/104318"}],"wp:featuredmedia":[{"embeddable":true,"href":"https:\/\/primicias2262.com\/noticias\/wp-json\/wp\/v2\/media\/104294"}],"wp:attachment":[{"href":"https:\/\/primicias2262.com\/noticias\/wp-json\/wp\/v2\/media?parent=104293"}],"wp:term":[{"taxonomy":"category","embeddable":true,"href":"https:\/\/primicias2262.com\/noticias\/wp-json\/wp\/v2\/categories?post=104293"},{"taxonomy":"post_tag","embeddable":true,"href":"https:\/\/primicias2262.com\/noticias\/wp-json\/wp\/v2\/tags?post=104293"}],"curies":[{"name":"wp","href":"https:\/\/api.w.org\/{rel}","templated":true}]}}