{"id":104296,"date":"2023-10-22T19:02:52","date_gmt":"2023-10-22T19:02:52","guid":{"rendered":"https:\/\/primicias2262.com\/noticias\/?p=104296"},"modified":"2023-10-23T16:35:42","modified_gmt":"2023-10-23T16:35:42","slug":"104296-2","status":"publish","type":"post","link":"https:\/\/primicias2262.com\/noticias\/104296-2\/","title":{"rendered":"Rivero: \u00abLa meta era meter dos concejales y lo logramos\u00bb"},"content":{"rendered":"<p class=\"selectionShareable\">El candidato a intendente de Uni\u00f3n por la Patria, Marcelo Rivero, asegur\u00f3 que \u00abestamos contentos con lo logrado en el \u00e1mbito local porque era la meta que nos hab\u00edamos propuesto que era meter dos concejales\u00bb<\/p>\n<p class=\"selectionShareable\">Afirm\u00f3 que \u00abno nos sorprendimos con el triunfo de Massa porque en esta elecci\u00f3n se jugaban muchas cosas, que modelo de pa\u00eds y provincia quer\u00edamos para adelante. De esto se sale con trabajo, producci\u00f3n y recuperaci\u00f3n de derechos\u00bb<\/p>\n<p class=\"selectionShareable\">Asimismo opin\u00f3 que \u00abel otro proyecto lamentablemente no contempla la mayor\u00eda del pueblo argentino y era volver al pasado y los argentinos no queremos volver m\u00e1s al pasado\u201d, asegur\u00f3 el dirigente justicialista fuera del bunker de Nueva Necochea.<\/p>\n<p class=\"selectionShareable\">Destac\u00f3 la contienda electoral y tras saludar al intendente Arturo Rojas indic\u00f3 que \u00abac\u00e1 estamos cumpliendo con nuestra palabra de que cuando se termina una elecci\u00f3n hay que felicitar al que gana que es el soberano. Una vez que se termina hay que trabajar entre todos para sacar nuestro distrito adelante\u201d.<\/p>\n<p class=\"selectionShareable\">Por \u00faltimo, critic\u00f3 a la dipitada Jimena L\u00f3pez por decir p\u00fablicamente que no iba a acompa\u00f1ar su lista. \u201cVamos a seguir trabajando y poner en valor al peronismo en Necochea. Terminamos muy cerca del segundo sino hubiese sido por alg\u00fan dicho o actitud de una funcionaria nacional de nuestro gobierno que llam\u00f3 a votar a otra lista\u00bb.<\/p>\n","protected":false},"excerpt":{"rendered":"<p>El candidato a intendente de Uni\u00f3n por la Patria, Marcelo Rivero, asegur\u00f3 que \u00abestamos contentos con lo logrado en el \u00e1mbito local porque era la meta que nos hab\u00edamos propuesto que era meter dos concejales\u00bb Afirm\u00f3 que \u00abno nos sorprendimos con el triunfo de Massa porque en esta elecci\u00f3n se jugaban muchas cosas, que modelo [&hellip;]<\/p>\n","protected":false},"author":3,"featured_media":104297,"comment_status":"open","ping_status":"open","sticky":false,"template":"","format":"standard","meta":{"footnotes":""},"categories":[3],"tags":[],"class_list":["post-104296","post","type-post","status-publish","format-standard","has-post-thumbnail","category-masnoticias"],"_links":{"self":[{"href":"https:\/\/primicias2262.com\/noticias\/wp-json\/wp\/v2\/posts\/104296","targetHints":{"allow":["GET"]}}],"collection":[{"href":"https:\/\/primicias2262.com\/noticias\/wp-json\/wp\/v2\/posts"}],"about":[{"href":"https:\/\/primicias2262.com\/noticias\/wp-json\/wp\/v2\/types\/post"}],"author":[{"embeddable":true,"href":"https:\/\/primicias2262.com\/noticias\/wp-json\/wp\/v2\/users\/3"}],"replies":[{"embeddable":true,"href":"https:\/\/primicias2262.com\/noticias\/wp-json\/wp\/v2\/comments?post=104296"}],"version-history":[{"count":2,"href":"https:\/\/primicias2262.com\/noticias\/wp-json\/wp\/v2\/posts\/104296\/revisions"}],"predecessor-version":[{"id":104299,"href":"https:\/\/primicias2262.com\/noticias\/wp-json\/wp\/v2\/posts\/104296\/revisions\/104299"}],"wp:featuredmedia":[{"embeddable":true,"href":"https:\/\/primicias2262.com\/noticias\/wp-json\/wp\/v2\/media\/104297"}],"wp:attachment":[{"href":"https:\/\/primicias2262.com\/noticias\/wp-json\/wp\/v2\/media?parent=104296"}],"wp:term":[{"taxonomy":"category","embeddable":true,"href":"https:\/\/primicias2262.com\/noticias\/wp-json\/wp\/v2\/categories?post=104296"},{"taxonomy":"post_tag","embeddable":true,"href":"https:\/\/primicias2262.com\/noticias\/wp-json\/wp\/v2\/tags?post=104296"}],"curies":[{"name":"wp","href":"https:\/\/api.w.org\/{rel}","templated":true}]}}