{"id":104300,"date":"2023-10-23T10:31:18","date_gmt":"2023-10-23T10:31:18","guid":{"rendered":"https:\/\/primicias2262.com\/noticias\/?p=104300"},"modified":"2023-10-24T16:05:10","modified_gmt":"2023-10-24T16:05:10","slug":"si-hay-un-merito-es-de-massa-y-de-la-militancia-que-salio-a-pelearla-de-manera-silvestre-en-cada-barrio","status":"publish","type":"post","link":"https:\/\/primicias2262.com\/noticias\/si-hay-un-merito-es-de-massa-y-de-la-militancia-que-salio-a-pelearla-de-manera-silvestre-en-cada-barrio\/","title":{"rendered":"\u201cSi hay un m\u00e9rito es de Massa y de la militancia que sali\u00f3 a pelearla de manera silvestre en cada barrio\u201d"},"content":{"rendered":"<p><strong>La secretaria de Gesti\u00f3n de Transporte de la Naci\u00f3n y exsecretaria de Desarrollo Humano y Pol\u00edticas Sociales de la Municipalidad de Necochea, Jimena L\u00f3pez, dialog\u00f3 con el periodista Jorge G\u00f3mez en \u201cVoces de la Ciudad\u201d, donde celebr\u00f3 el triunfo de su referente pol\u00edtico y candidato a presidente, Sergio Massa.<\/strong><\/p>\n<p>Quien vot\u00f3 en nuestro distrito y luego viaj\u00f3 para ser vocera de Massa, destac\u00f3 que \u201ccreo que hubo mucha gente que crey\u00f3 que los n\u00fameros no iban a acompa\u00f1ar en la magnitud que acompa\u00f1aron. Anoche fue todo muy emotivo, est\u00e1bamos las compa\u00f1eras y compa\u00f1eros que hace mucho lo venimos acompa\u00f1ando a Massa y todo el resto del arco pol\u00edtico que integra Uni\u00f3n por la Patria, los movimientos sociales y sindicatos\u201d.<\/p>\n<p>Como conocedora del candidato a presidente se\u00f1al\u00f3 que \u201cmuy pocas veces lo he visto quebrarse a Massa y ayer cuando \u00e9l subi\u00f3 para hablar fue muy emotivo porque sentimos que est\u00e1bamos frente al estadista que ya conocemos, pero que ten\u00edamos la posibilidad de que lo vean todos\u201d, y asegur\u00f3 que \u201csi alguien tiene un m\u00e9rito es \u00e9l y la militancia enorme que en muchos lugares sali\u00f3 a pelearla de manera silvestre en cada barrio, en cada club, por eso me sent\u00ed muy movilizada ayer\u201d.<\/p>\n<p>No obstante, Jimena resalt\u00f3 que \u201cnosotros ten\u00edamos datos previos iguales a los que salieron, pero por una cuesti\u00f3n de respeto y porque somos todos cabuleros los datos no los sacamos antes de la elecci\u00f3n\u201d, y manifest\u00f3 que \u201cen un escenario de 130% de inflaci\u00f3n era dif\u00edcil salir a la calle a hablar con la gente porque es obvio que la gente tiene derecho a estar enojada, pero no es menos cierto que era muy complejo el escenario entre los niveles de violencia de los otros candidatos\u201d.<\/p>\n<p>De aqu\u00ed a lo que viene, si su referente logra ganar la presidencia el 19 de noviembre Jimena afirm\u00f3 que \u201cm\u00e1s all\u00e1 de lo complejo que es el escenario actual, yo s\u00e9 que Massa va a salir de esta, conf\u00edo plenamente en \u00e9l porque lo veo laburar. Atravesamos sequ\u00eda, el tema del d\u00f3lar, las corridas y las presiones de los formadores de precios\u2026 a pesar de todo eso yo s\u00e9 que a esta situaci\u00f3n Massa la endereza\u201d.<\/p>\n","protected":false},"excerpt":{"rendered":"<p>La secretaria de Gesti\u00f3n de Transporte de la Naci\u00f3n y exsecretaria de Desarrollo Humano y Pol\u00edticas Sociales de la Municipalidad de Necochea, Jimena L\u00f3pez, dialog\u00f3 con el periodista Jorge G\u00f3mez en \u201cVoces de la Ciudad\u201d, donde celebr\u00f3 el triunfo de su referente pol\u00edtico y candidato a presidente, Sergio Massa. Quien vot\u00f3 en nuestro distrito y [&hellip;]<\/p>\n","protected":false},"author":3,"featured_media":100453,"comment_status":"open","ping_status":"open","sticky":false,"template":"","format":"standard","meta":{"footnotes":""},"categories":[3],"tags":[],"class_list":["post-104300","post","type-post","status-publish","format-standard","has-post-thumbnail","category-masnoticias"],"_links":{"self":[{"href":"https:\/\/primicias2262.com\/noticias\/wp-json\/wp\/v2\/posts\/104300","targetHints":{"allow":["GET"]}}],"collection":[{"href":"https:\/\/primicias2262.com\/noticias\/wp-json\/wp\/v2\/posts"}],"about":[{"href":"https:\/\/primicias2262.com\/noticias\/wp-json\/wp\/v2\/types\/post"}],"author":[{"embeddable":true,"href":"https:\/\/primicias2262.com\/noticias\/wp-json\/wp\/v2\/users\/3"}],"replies":[{"embeddable":true,"href":"https:\/\/primicias2262.com\/noticias\/wp-json\/wp\/v2\/comments?post=104300"}],"version-history":[{"count":2,"href":"https:\/\/primicias2262.com\/noticias\/wp-json\/wp\/v2\/posts\/104300\/revisions"}],"predecessor-version":[{"id":104319,"href":"https:\/\/primicias2262.com\/noticias\/wp-json\/wp\/v2\/posts\/104300\/revisions\/104319"}],"wp:featuredmedia":[{"embeddable":true,"href":"https:\/\/primicias2262.com\/noticias\/wp-json\/wp\/v2\/media\/100453"}],"wp:attachment":[{"href":"https:\/\/primicias2262.com\/noticias\/wp-json\/wp\/v2\/media?parent=104300"}],"wp:term":[{"taxonomy":"category","embeddable":true,"href":"https:\/\/primicias2262.com\/noticias\/wp-json\/wp\/v2\/categories?post=104300"},{"taxonomy":"post_tag","embeddable":true,"href":"https:\/\/primicias2262.com\/noticias\/wp-json\/wp\/v2\/tags?post=104300"}],"curies":[{"name":"wp","href":"https:\/\/api.w.org\/{rel}","templated":true}]}}