{"id":104306,"date":"2023-10-23T10:35:06","date_gmt":"2023-10-23T10:35:06","guid":{"rendered":"https:\/\/primicias2262.com\/noticias\/?p=104306"},"modified":"2023-10-24T16:06:51","modified_gmt":"2023-10-24T16:06:51","slug":"que-la-campana-se-fundamente-en-entregar-comida-para-parecer-mas-austero-te-muestra-la-falta-de-un-proyecto-politico","status":"publish","type":"post","link":"https:\/\/primicias2262.com\/noticias\/que-la-campana-se-fundamente-en-entregar-comida-para-parecer-mas-austero-te-muestra-la-falta-de-un-proyecto-politico\/","title":{"rendered":"\u201cQue la campa\u00f1a se fundamente en entregar comida para parecer m\u00e1s austero te muestra la falta de un proyecto pol\u00edtico\u201d"},"content":{"rendered":"<p><strong>Con una marcada cr\u00edtica hacia el n\u00facleo de la coalici\u00f3n Juntos, encabezada por Mart\u00edn Migueles, la actual concejal de la UCR Juntos, que en diciembre termina su mandato, Felicitas Cabret\u00f3n, se expres\u00f3 en \u201cVoces de la Ciudad\u201d ante la consulta del periodista Jorge G\u00f3mez.<\/strong><\/p>\n<p>Primeramente, la edil se\u00f1al\u00f3 que \u201cel triunfo del intendente Arturo Rojas no me sorprende, pasadas las PASO enseguida se pod\u00eda visualizar el camino de una victoria contundente porque Juntos por el Cambio ten\u00eda la obligaci\u00f3n de mostrar una oferta electoral distinta pero fue absolutamente irresponsable y ac\u00e1 en Necochea perdi\u00f3 m\u00e1s de mil votos, adem\u00e1s de lo que ven\u00eda perdiendo\u201d.<\/p>\n<p>Seguidamente Cabret\u00f3n ampli\u00f3 que \u201cla responsabilidad es de Juntos por el Cambio y el radicalismo local tiene un grado de responsabilidad enorme porque no ha sabido conducir Juntos por el Cambio a lograr tener una propuesta electoral que pueda visualizarse por los vecinos para ser elegida\u201d.<\/p>\n<p>Indic\u00f3 a continuaci\u00f3n que \u201cla campa\u00f1a electoral no solo no mostr\u00f3 una propuesta de gobierno hacia la gente, sino que las propagandas y los spots publicitarios se fundamenten en la entrega de comida para tratar de parecer m\u00e1s austeros te muestra la falta de un proyecto pol\u00edtico de verdad\u201d.<\/p>\n<p>Detall\u00f3 en tal sentido que \u201cla campa\u00f1a que llev\u00f3 adelante Juntos por el Cambio en cabeza de Mart\u00edn Migueles, mostrando durante los \u00faltimos d\u00edas la entrega alimentos a comedores para mostrar que sos austero es muy vac\u00edo, y la gente define su voto a quien le propone un proyecto pol\u00edtico, podemos estar de acuerdo o no, compartirlo o no, pero es as\u00ed\u201d.<\/p>\n<p>En ese marco, traz\u00f3 una comparaci\u00f3n con el escenario favorable de 2015. \u201cEn aquel a\u00f1o hubo una decisi\u00f3n org\u00e1nica del partido, de armar una alianza que en su momento sirvi\u00f3 y era necesario para que hubiera alternancia, pero esa coalici\u00f3n en los \u00faltimos a\u00f1os no ha podido configurar un proyecto pol\u00edtico serio\u201d, y acot\u00f3 que \u201cpens\u00e9 que Milei iba a ganar y no Sergio Massa, pero lo que no me sorprendi\u00f3 para nada fue que Patricia Bullrich se quedara afuera del balotaje\u201d.<\/p>\n<p>Finalmente, Cabret\u00f3n resalt\u00f3 que \u201chay una crisis muy profunda en Argentina que nos llama a buscar una unidad nacional con denominadores comunes que\u00a0 nos encuentre a los argentinos y a los partidos pol\u00edticos que tenemos una mirada antag\u00f3nica a lo que es el proyecto de pa\u00eds que propone Javier Milei\u201d.<\/p>\n","protected":false},"excerpt":{"rendered":"<p>Con una marcada cr\u00edtica hacia el n\u00facleo de la coalici\u00f3n Juntos, encabezada por Mart\u00edn Migueles, la actual concejal de la UCR Juntos, que en diciembre termina su mandato, Felicitas Cabret\u00f3n, se expres\u00f3 en \u201cVoces de la Ciudad\u201d ante la consulta del periodista Jorge G\u00f3mez. Primeramente, la edil se\u00f1al\u00f3 que \u201cel triunfo del intendente Arturo Rojas [&hellip;]<\/p>\n","protected":false},"author":3,"featured_media":101425,"comment_status":"open","ping_status":"open","sticky":false,"template":"","format":"standard","meta":{"footnotes":""},"categories":[3],"tags":[],"class_list":["post-104306","post","type-post","status-publish","format-standard","has-post-thumbnail","category-masnoticias"],"_links":{"self":[{"href":"https:\/\/primicias2262.com\/noticias\/wp-json\/wp\/v2\/posts\/104306","targetHints":{"allow":["GET"]}}],"collection":[{"href":"https:\/\/primicias2262.com\/noticias\/wp-json\/wp\/v2\/posts"}],"about":[{"href":"https:\/\/primicias2262.com\/noticias\/wp-json\/wp\/v2\/types\/post"}],"author":[{"embeddable":true,"href":"https:\/\/primicias2262.com\/noticias\/wp-json\/wp\/v2\/users\/3"}],"replies":[{"embeddable":true,"href":"https:\/\/primicias2262.com\/noticias\/wp-json\/wp\/v2\/comments?post=104306"}],"version-history":[{"count":2,"href":"https:\/\/primicias2262.com\/noticias\/wp-json\/wp\/v2\/posts\/104306\/revisions"}],"predecessor-version":[{"id":104328,"href":"https:\/\/primicias2262.com\/noticias\/wp-json\/wp\/v2\/posts\/104306\/revisions\/104328"}],"wp:featuredmedia":[{"embeddable":true,"href":"https:\/\/primicias2262.com\/noticias\/wp-json\/wp\/v2\/media\/101425"}],"wp:attachment":[{"href":"https:\/\/primicias2262.com\/noticias\/wp-json\/wp\/v2\/media?parent=104306"}],"wp:term":[{"taxonomy":"category","embeddable":true,"href":"https:\/\/primicias2262.com\/noticias\/wp-json\/wp\/v2\/categories?post=104306"},{"taxonomy":"post_tag","embeddable":true,"href":"https:\/\/primicias2262.com\/noticias\/wp-json\/wp\/v2\/tags?post=104306"}],"curies":[{"name":"wp","href":"https:\/\/api.w.org\/{rel}","templated":true}]}}