{"id":104309,"date":"2023-10-24T12:07:51","date_gmt":"2023-10-24T12:07:51","guid":{"rendered":"https:\/\/primicias2262.com\/noticias\/?p=104309"},"modified":"2023-10-25T17:23:19","modified_gmt":"2023-10-25T17:23:19","slug":"el-colegio-de-abogados-local-celebra-34-anos-de-vida-esta-semana","status":"publish","type":"post","link":"https:\/\/primicias2262.com\/noticias\/el-colegio-de-abogados-local-celebra-34-anos-de-vida-esta-semana\/","title":{"rendered":"El Colegio de Abogados local celebra 34 a\u00f1os de vida esta semana"},"content":{"rendered":"<p><strong>El festejo ser\u00e1 con un encuentro gastron\u00f3mico durante la velada del venidero jueves 26 de octubre en la sede de calle 62 casi 55.<\/strong><\/p>\n<p>El presidente del Colegio de Abogados del Departamento Judicial de Necochea, Dr. V\u00edctor Pagani, se refiri\u00f3 a esta importante fecha durante una breve nota realizada por el periodista Jorge G\u00f3mez en \u201cVoces de la Ciudad\u201d, donde el letrado contextualiz\u00f3 los festejos con la culminaci\u00f3n de importantes obras edilicias en dicha sede.<\/p>\n<p>\u201cEste jueves cumple 34 a\u00f1os la instituci\u00f3n y a partir de las 20 citamos a la gente para la celebraci\u00f3n, que ser\u00e1 un encuentro gastron\u00f3mico\u201d, anticip\u00f3, para agregar que \u201ceste aniversario coincidi\u00f3 con la finalizaci\u00f3n de algunas obras en la sede\u201d.<\/p>\n<p>Al respecto, record\u00f3 Pagani que \u201ca principio de a\u00f1o iniciamos gestiones para hacer varias obras en el colegio con el fin de mejorar las instalaciones en virtud de escuchar lo expresado por matriculados y matriculadas en asamblea\u201d.<\/p>\n<p>Argument\u00f3 al respecto que \u201cla din\u00e1mica de la profesi\u00f3n cambi\u00f3 bastante y hemos mejorado y redise\u00f1ado un poco el bar; iluminamos los consultorios jur\u00eddicos gratuitos para una mejor atenci\u00f3n; la sala de mediaci\u00f3n; la sala de presidencia para la recepci\u00f3n de autoridades; el quincho y la parte externa tambi\u00e9n, la cual pusimos en valor con pintura y luminarias Led\u201d.<\/p>\n<p>Vale destacar que el Colegio de Abogados de Necochea tiene competencia tambi\u00e9n en Lober\u00eda y San Cayetano, con mucha cantidad de afiliados y profesionales del derecho matriculados que gravitan en la vida institucional del Partido.<\/p>\n","protected":false},"excerpt":{"rendered":"<p>El festejo ser\u00e1 con un encuentro gastron\u00f3mico durante la velada del venidero jueves 26 de octubre en la sede de calle 62 casi 55. El presidente del Colegio de Abogados del Departamento Judicial de Necochea, Dr. V\u00edctor Pagani, se refiri\u00f3 a esta importante fecha durante una breve nota realizada por el periodista Jorge G\u00f3mez en [&hellip;]<\/p>\n","protected":false},"author":3,"featured_media":104310,"comment_status":"open","ping_status":"open","sticky":false,"template":"","format":"standard","meta":{"footnotes":""},"categories":[3],"tags":[],"class_list":["post-104309","post","type-post","status-publish","format-standard","has-post-thumbnail","category-masnoticias"],"_links":{"self":[{"href":"https:\/\/primicias2262.com\/noticias\/wp-json\/wp\/v2\/posts\/104309","targetHints":{"allow":["GET"]}}],"collection":[{"href":"https:\/\/primicias2262.com\/noticias\/wp-json\/wp\/v2\/posts"}],"about":[{"href":"https:\/\/primicias2262.com\/noticias\/wp-json\/wp\/v2\/types\/post"}],"author":[{"embeddable":true,"href":"https:\/\/primicias2262.com\/noticias\/wp-json\/wp\/v2\/users\/3"}],"replies":[{"embeddable":true,"href":"https:\/\/primicias2262.com\/noticias\/wp-json\/wp\/v2\/comments?post=104309"}],"version-history":[{"count":1,"href":"https:\/\/primicias2262.com\/noticias\/wp-json\/wp\/v2\/posts\/104309\/revisions"}],"predecessor-version":[{"id":104311,"href":"https:\/\/primicias2262.com\/noticias\/wp-json\/wp\/v2\/posts\/104309\/revisions\/104311"}],"wp:featuredmedia":[{"embeddable":true,"href":"https:\/\/primicias2262.com\/noticias\/wp-json\/wp\/v2\/media\/104310"}],"wp:attachment":[{"href":"https:\/\/primicias2262.com\/noticias\/wp-json\/wp\/v2\/media?parent=104309"}],"wp:term":[{"taxonomy":"category","embeddable":true,"href":"https:\/\/primicias2262.com\/noticias\/wp-json\/wp\/v2\/categories?post=104309"},{"taxonomy":"post_tag","embeddable":true,"href":"https:\/\/primicias2262.com\/noticias\/wp-json\/wp\/v2\/tags?post=104309"}],"curies":[{"name":"wp","href":"https:\/\/api.w.org\/{rel}","templated":true}]}}