{"id":104321,"date":"2023-10-24T13:34:59","date_gmt":"2023-10-24T13:34:59","guid":{"rendered":"https:\/\/primicias2262.com\/noticias\/?p=104321"},"modified":"2023-10-24T17:00:47","modified_gmt":"2023-10-24T17:00:47","slug":"a-la-upc-y-el-puerto-les-pido-que-se-pongan-a-la-altura-de-las-circunstancias-ya-que-no-lo-han-estado-hasta-el-momento","status":"publish","type":"post","link":"https:\/\/primicias2262.com\/noticias\/a-la-upc-y-el-puerto-les-pido-que-se-pongan-a-la-altura-de-las-circunstancias-ya-que-no-lo-han-estado-hasta-el-momento\/","title":{"rendered":"\u201cA la UPC y el Puerto les pido que se pongan a la altura de las circunstancias, ya que no lo han estado hasta el momento\u201d"},"content":{"rendered":"<p><strong>As\u00ed lo expres\u00f3 el intendente Arturo Rojas en \u201cVoces de la Ciudad\u201d, al abordar la relaci\u00f3n actual de la municipalidad con otras dos grandes instituciones del distrito como lo son la Usina Popular Cooperativa y el Consorcio de Gesti\u00f3n de Puerto Quequ\u00e9n.<\/strong><\/p>\n<p>Ante la consulta del caso por parte del periodista Jorge G\u00f3mez, Rojas repas\u00f3 que \u201csiempre he dicho que para transformar la ciudad lo tenemos que hacer en conjunto, la Municipalidad liderando y todas las instituciones de la ciudad trabajando en red y de forma articulada\u201d.<\/p>\n<p>Fue all\u00ed cuando enfatiz\u00f3 que \u201chay dos instituciones casi a la par de la Municipalidad que son important\u00edsimas por el volumen y lo que representa, tanto el Consorcio de Gesti\u00f3n de Puerto Quequ\u00e9n, con todo el sector de la cadena agroexportadora, y la Usina Popular Cooperativa, que tiene que ver con las obras de repotenciaci\u00f3n, recambio de luminarias y energ\u00eda, y por debajo de ellas est\u00e1n todas las intermedias: los clubes, los centros culturales, las bibliotecas, los comedores, cooperadoras y asociaciones civiles, a quienes les agradezco profundamente por el trabajo que realizan, cumpliendo un rol trascendental\u201d.<\/p>\n<p>Con todas estas \u00faltimas asegur\u00f3 que \u201chay una articulaci\u00f3n permanente\u201d, pero al contrario, \u201ccon estas dos m\u00e1s importantes les estoy pidiendo que se pongan a la altura de las circunstancias, porque no lo han estado hasta este momento, y el desaf\u00edo para el segundo mandato tambi\u00e9n es poner en l\u00ednea a estas dos instituciones, que se pongan los pantalones largos y que hagan lo que tienen que hacer\u201d.<\/p>\n<p>Para arrancar con el Puerto, Rojas coment\u00f3 que \u201cpor ejemplo, al Consorcio le pido POR FAVOR (enfatiz\u00f3) que haga la limpieza y el mantenimiento, mir\u00e1 que poco pido, del sector portuario, que es un lugar tur\u00edstico, y la gente cuando llega no sabe si lo tiene que hacer el intendente o el presidente del Consorcio (Jorge \u00c1lvaro). Y est\u00e1n tapados de arena, con las luces quemadas, con un abandono absoluto, un contenedor comido por el m\u00e9dano, una explanada en la zona de Puerto Gardella tapada\u201d.<\/p>\n<p>\u201cNi siquiera les estoy pidiendo hacer obras, sino mantenimiento, limpieza y luminarias de los sectores y de ambas escolleras, y de los sectores aleda\u00f1os al puerto, que es por donde pasan la mayor\u00eda de los camiones, que si bien le corresponde a Vialidad provincial, cuando yo era presidente del Consorcio ten\u00edamos una m\u00e1quina limpiando permanentemente la Av. Almirante Brown y parte de la 502 lindante a la playa de calado de Terminal Quequ\u00e9n. Entonces les pido orden y mantenimiento porque estamos en v\u00edsperas de una temporada y es una verg\u00fcenza en el estado que eso se encuentra\u201d, apunt\u00f3.<\/p>\n<p>Por otro lado, Rojas afirm\u00f3 que \u201cla Usina Popular Cooperativa tiene algunos personajes adentro que son nefastos, que pertenecen al gremio de Luz y Fuerza y manejan los hilos desde atr\u00e1s, son nefastos para la ciudad y para las instituciones intermedias, entre ellos varios clubes a los que perjudican\u201d.<\/p>\n<p>Indic\u00f3 seguidamente que \u201cles pido que se pongan las pilas y hagan lo que corresponda, no puede ser que tengamos barrios enteros que por falta de inversi\u00f3n se les corte la luz permanentemente, y cada vez que se les corta la luz se les queman los artefactos el\u00e9ctricos de sus domicilios a los vecinos y a su vez nos perjudican a todos porque se paran los pozos de agua, que funcionan con energ\u00eda el\u00e9ctrica\u201d.<\/p>\n<p>\u201cAdem\u00e1s, c\u00f3mo puede ser que yo cuando consigo fondos para hacer una obra de iluminaci\u00f3n y pido cotizaci\u00f3n a la Usina me sale tres o cuatro veces m\u00e1s de lo que me sale con un privado\u201d, se pregunt\u00f3, argumentando que \u201ceso no puede suceder\u2026 en las localidades del interior, las cooperativas de San Cayetano en Ram\u00f3n Santamarina, y con las de Juan N. Fern\u00e1ndez y La Dulce ya llevamos tres convenios de recambio de luminarias y pretendo hacer lo mismo con la gente de la Usina, pero para esto preciso que corran de lado a estos personajes que no le hacen nada bien a la instituci\u00f3n\u201d.<\/p>\n","protected":false},"excerpt":{"rendered":"<p>As\u00ed lo expres\u00f3 el intendente Arturo Rojas en \u201cVoces de la Ciudad\u201d, al abordar la relaci\u00f3n actual de la municipalidad con otras dos grandes instituciones del distrito como lo son la Usina Popular Cooperativa y el Consorcio de Gesti\u00f3n de Puerto Quequ\u00e9n. Ante la consulta del caso por parte del periodista Jorge G\u00f3mez, Rojas repas\u00f3 [&hellip;]<\/p>\n","protected":false},"author":3,"featured_media":102778,"comment_status":"open","ping_status":"open","sticky":false,"template":"","format":"standard","meta":{"footnotes":""},"categories":[3],"tags":[],"class_list":["post-104321","post","type-post","status-publish","format-standard","has-post-thumbnail","category-masnoticias"],"_links":{"self":[{"href":"https:\/\/primicias2262.com\/noticias\/wp-json\/wp\/v2\/posts\/104321","targetHints":{"allow":["GET"]}}],"collection":[{"href":"https:\/\/primicias2262.com\/noticias\/wp-json\/wp\/v2\/posts"}],"about":[{"href":"https:\/\/primicias2262.com\/noticias\/wp-json\/wp\/v2\/types\/post"}],"author":[{"embeddable":true,"href":"https:\/\/primicias2262.com\/noticias\/wp-json\/wp\/v2\/users\/3"}],"replies":[{"embeddable":true,"href":"https:\/\/primicias2262.com\/noticias\/wp-json\/wp\/v2\/comments?post=104321"}],"version-history":[{"count":2,"href":"https:\/\/primicias2262.com\/noticias\/wp-json\/wp\/v2\/posts\/104321\/revisions"}],"predecessor-version":[{"id":104332,"href":"https:\/\/primicias2262.com\/noticias\/wp-json\/wp\/v2\/posts\/104321\/revisions\/104332"}],"wp:featuredmedia":[{"embeddable":true,"href":"https:\/\/primicias2262.com\/noticias\/wp-json\/wp\/v2\/media\/102778"}],"wp:attachment":[{"href":"https:\/\/primicias2262.com\/noticias\/wp-json\/wp\/v2\/media?parent=104321"}],"wp:term":[{"taxonomy":"category","embeddable":true,"href":"https:\/\/primicias2262.com\/noticias\/wp-json\/wp\/v2\/categories?post=104321"},{"taxonomy":"post_tag","embeddable":true,"href":"https:\/\/primicias2262.com\/noticias\/wp-json\/wp\/v2\/tags?post=104321"}],"curies":[{"name":"wp","href":"https:\/\/api.w.org\/{rel}","templated":true}]}}