{"id":104323,"date":"2023-10-24T16:04:55","date_gmt":"2023-10-24T16:04:55","guid":{"rendered":"https:\/\/primicias2262.com\/noticias\/?p=104323"},"modified":"2023-10-25T16:15:44","modified_gmt":"2023-10-25T16:15:44","slug":"la-gente-nos-eligio-para-seguir-con-esta-hermosa-gestion-que-ha-hecho-juan-jose-fioramonti","status":"publish","type":"post","link":"https:\/\/primicias2262.com\/noticias\/la-gente-nos-eligio-para-seguir-con-esta-hermosa-gestion-que-ha-hecho-juan-jose-fioramonti\/","title":{"rendered":"\u201cLa gente nos eligi\u00f3 para seguir con esta hermosa gesti\u00f3n que ha hecho Juan Jos\u00e9 Fioramonti\u201d"},"content":{"rendered":"<p><strong>Pablo Barrena de 52 a\u00f1os, electo intendente municipal de Lober\u00eda para suceder a su referente y actual jefe comunal desde 2015, Juan Jos\u00e9 Fioramonti, dialog\u00f3 con el periodista Jorge G\u00f3mez en \u201cVoces de la Ciudad\u201d sobre el desaf\u00edo que se viene en su trayectoria pol\u00edtica.<\/strong><\/p>\n<p>El actual secretario de Gobierno de Lober\u00eda, Pablo Barrena, super\u00f3 por casi 20 puntos al segundo durante el pasado domingo. Con 5325 votos y casi el 60% se impuso sobre Juan Pablo Capelli de Uni\u00f3n por la Patria con 3600 sufragios, y en consecuencia reemplazar\u00e1 al actual jefe comunal Juan Jos\u00e9 Fioramonti.<\/p>\n<p>Expres\u00f3 inicialmente Barrena que \u201cel domingo fue de alegr\u00eda y el lunes en el an\u00e1lisis nos dimos cuenta que era mucho m\u00e1s valiosa la elecci\u00f3n que realizamos con casi el 60% de los votos en un mapa donde se produjo un mazazo con la remontada de Sergio Massa\u201d.<\/p>\n<p>Ampli\u00f3 en tal caso que \u201cen Lober\u00eda volvimos a un escenario con el radicalismo que ha sufrido tener una fuerza nacional que no tracciona como la de Juntos, pero hemos logrado superar ese escollo y mantener un alto porcentaje de votos. Hubo mucho voto en blanco en Lober\u00eda, m\u00e1s de 2 mil, porque Libertad Avanza no tiene representaci\u00f3n, y es un caudal muy alto\u201d.<\/p>\n<p>De todas formas, valor\u00f3 que \u201cla gente nos ha elegido para seguir con esta hermosa y enorme gesti\u00f3n que ha hecho Juan Jos\u00e9 Fioramonti, y esperemos estar a la altura de las circunstancias. No hay orgullo m\u00e1s grande para quien hace pol\u00edtica que te elija tu vecino para llevar adelante tu pueblo, as\u00ed que estoy muy agradecido con los loberenses, con todos los que fueron a votar independientemente de la expresi\u00f3n que tuvieron\u201d.<\/p>\n<p>Inclusive, manifest\u00f3 que \u201cquiero agradecer a todos las autoridades de mesa y a todos los que fiscalizaron, en especial a los de mi espacio pol\u00edtico, a la gente del PRO y del radicalismo, donde nac\u00ed pol\u00edticamente. Nosotros no le pagamos a los fiscales y ten\u00edamos tres fiscales por mesa\u2026 genera orgullo que la gente te acompa\u00f1e de esa manera\u201d.<\/p>\n<p>Finalmente, se\u00f1al\u00f3 que \u201cvamos a seguir con lo que se inici\u00f3 en 2015, somos previsibles, llevamos a los loberenses 100 propuestas y vamos a trabajar para que se cumplan, y por supuesto que vamos a trabajar con Necochea, Balcarce y toda la zona regional porque hoy no se salva nadie solo, ni a nivel personal ni como pueblo\u201d.<\/p>\n","protected":false},"excerpt":{"rendered":"<p>Pablo Barrena de 52 a\u00f1os, electo intendente municipal de Lober\u00eda para suceder a su referente y actual jefe comunal desde 2015, Juan Jos\u00e9 Fioramonti, dialog\u00f3 con el periodista Jorge G\u00f3mez en \u201cVoces de la Ciudad\u201d sobre el desaf\u00edo que se viene en su trayectoria pol\u00edtica. El actual secretario de Gobierno de Lober\u00eda, Pablo Barrena, super\u00f3 [&hellip;]<\/p>\n","protected":false},"author":3,"featured_media":102581,"comment_status":"open","ping_status":"open","sticky":false,"template":"","format":"standard","meta":{"footnotes":""},"categories":[3],"tags":[],"class_list":["post-104323","post","type-post","status-publish","format-standard","has-post-thumbnail","category-masnoticias"],"_links":{"self":[{"href":"https:\/\/primicias2262.com\/noticias\/wp-json\/wp\/v2\/posts\/104323","targetHints":{"allow":["GET"]}}],"collection":[{"href":"https:\/\/primicias2262.com\/noticias\/wp-json\/wp\/v2\/posts"}],"about":[{"href":"https:\/\/primicias2262.com\/noticias\/wp-json\/wp\/v2\/types\/post"}],"author":[{"embeddable":true,"href":"https:\/\/primicias2262.com\/noticias\/wp-json\/wp\/v2\/users\/3"}],"replies":[{"embeddable":true,"href":"https:\/\/primicias2262.com\/noticias\/wp-json\/wp\/v2\/comments?post=104323"}],"version-history":[{"count":2,"href":"https:\/\/primicias2262.com\/noticias\/wp-json\/wp\/v2\/posts\/104323\/revisions"}],"predecessor-version":[{"id":104338,"href":"https:\/\/primicias2262.com\/noticias\/wp-json\/wp\/v2\/posts\/104323\/revisions\/104338"}],"wp:featuredmedia":[{"embeddable":true,"href":"https:\/\/primicias2262.com\/noticias\/wp-json\/wp\/v2\/media\/102581"}],"wp:attachment":[{"href":"https:\/\/primicias2262.com\/noticias\/wp-json\/wp\/v2\/media?parent=104323"}],"wp:term":[{"taxonomy":"category","embeddable":true,"href":"https:\/\/primicias2262.com\/noticias\/wp-json\/wp\/v2\/categories?post=104323"},{"taxonomy":"post_tag","embeddable":true,"href":"https:\/\/primicias2262.com\/noticias\/wp-json\/wp\/v2\/tags?post=104323"}],"curies":[{"name":"wp","href":"https:\/\/api.w.org\/{rel}","templated":true}]}}