{"id":104329,"date":"2023-10-24T17:00:30","date_gmt":"2023-10-24T17:00:30","guid":{"rendered":"https:\/\/primicias2262.com\/noticias\/?p=104329"},"modified":"2023-10-25T16:47:10","modified_gmt":"2023-10-25T16:47:10","slug":"cada-vez-son-mas-los-vecinos-identificados-con-la-forma-de-hacer-politica-que-tenemos-nosotros","status":"publish","type":"post","link":"https:\/\/primicias2262.com\/noticias\/cada-vez-son-mas-los-vecinos-identificados-con-la-forma-de-hacer-politica-que-tenemos-nosotros\/","title":{"rendered":"\u201cCada vez son m\u00e1s los vecinos identificados con la forma de hacer pol\u00edtica que tenemos nosotros\u201d"},"content":{"rendered":"<p><strong>As\u00ed lo afirm\u00f3 el intendente reelecto de Necochea, Arturo Rojas, quien adem\u00e1s asegur\u00f3 que votar\u00e1 a Sergio Massa en el balotaje del 19 de noviembre.<\/strong><\/p>\n<p>En la primera visita a \u201cVoces de la Ciudad\u201d pos reeleci\u00f3n, el intendente Arturo Rojas dialog\u00f3 con el periodista Jorge G\u00f3mez y remarc\u00f3 que \u201cestamos contentos por el caudal que se logr\u00f3 de votos. Me gener\u00f3 orgullo la primera vez que la gente me eligi\u00f3 pero m\u00e1s orgullo todav\u00eda que despu\u00e9s de cuatro a\u00f1os de gobierno, habiendo recibido el municipio que recibimos, con pandemia de por medio y crisis econ\u00f3mica, hayamos sacado el caudal que sacamos con un espacio plural y vecinal, construido hace poco tiempo\u201d.<\/p>\n<p><iframe loading=\"lazy\" title=\"Entrevista al reelecto intendente de Necochea Arturo Rojas.\" width=\"696\" height=\"392\" src=\"https:\/\/www.youtube.com\/embed\/VvQKzSfGMbE?feature=oembed\" frameborder=\"0\" allow=\"accelerometer; autoplay; clipboard-write; encrypted-media; gyroscope; picture-in-picture; web-share\" allowfullscreen><\/iframe><\/p>\n<p>Rojas rememor\u00f3 que en 2019 era un slogan construir una nueva Necochea, un nuevo Quequ\u00e9n y un nuevo interior con un equipo plural y serio. \u201cSe fue armando la lista de la gente con un equipo diverso de diferentes ideolog\u00edas a quienes les pido que se pongan la camiseta del distrito, y despu\u00e9s se dio la construcci\u00f3n de Nueva Necochea como espacio plural, por eso no me sorprendi\u00f3 que en estas elecciones hubiera agrupaciones, dirigentes y vecinos que militaran la boleta cortada con diferentes espacios pol\u00edticos\u201d, se\u00f1al\u00f3.<\/p>\n<p>Fue all\u00ed cuando manifest\u00f3 que \u201ccada vez son m\u00e1s los vecinos que se sienten identificados con la forma de hacer pol\u00edtica que tenemos nosotros: de ser absolutamente abiertos y plurales, y cada vez son m\u00e1s los vecinos que quieren que se terminen las antinomias, as\u00ed que celebro la construcci\u00f3n que hemos logrado donde se siguen sumando dirigentes desde sus espacios para una mejor comunidad y para poder avanzar con las transformaciones que tenemos por delante, que son much\u00edsimas\u201d.<\/p>\n<p>Acerca del \u00e9xito de la boleta \u00fanica, referenci\u00f3 que \u201cmuchos me preguntaban si iba a seguir con la boleta corta o iba a generar alg\u00fan acuerdo con alg\u00fan frente, pero estaba convencido que el camino era este, con un espacio local y plural, y ahora nos toca gestionar ante el gobierno provincial las obras que necesitamos para el distrito, siendo respetuoso del caudal que ha sacado el actual gobernador Axel Kicillof, y por supuesto se vendr\u00e1 la segunda vuelta donde conf\u00edo en que Sergio Massa se pueda imponer para ser el pr\u00f3ximo presidente\u201d.<\/p>\n<p><strong>\u201cPor supuesto que voy a votar a Massa\u201d<\/strong><\/p>\n<p>En tal sentido, Rojas expres\u00f3: \u201cQue hoy a nivel nacional se est\u00e9 hablando de un gobierno de unidad nacional tambi\u00e9n lo celebro porque la grieta no nos ha hecho bien y solo ha beneficiado a algunos l\u00edderes pol\u00edticos. Ha llegado el momento de que la Argentina se ponga de acuerdo en algunas pol\u00edticas de Estado para salir de la situaci\u00f3n actual\u201d.<\/p>\n<p><a href=\"https:\/\/primicias2262.com\/noticias\/wp-content\/uploads\/2023\/10\/Massa-Rojas.webp\"><img loading=\"lazy\" decoding=\"async\" class=\"aligncenter size-full wp-image-104333\" src=\"https:\/\/primicias2262.com\/noticias\/wp-content\/uploads\/2023\/10\/Massa-Rojas.webp\" alt=\"\" width=\"862\" height=\"466\" srcset=\"https:\/\/primicias2262.com\/noticias\/wp-content\/uploads\/2023\/10\/Massa-Rojas.webp 862w, https:\/\/primicias2262.com\/noticias\/wp-content\/uploads\/2023\/10\/Massa-Rojas-300x162.webp 300w, https:\/\/primicias2262.com\/noticias\/wp-content\/uploads\/2023\/10\/Massa-Rojas-768x415.webp 768w, https:\/\/primicias2262.com\/noticias\/wp-content\/uploads\/2023\/10\/Massa-Rojas-150x81.webp 150w, https:\/\/primicias2262.com\/noticias\/wp-content\/uploads\/2023\/10\/Massa-Rojas-696x376.webp 696w\" sizes=\"auto, (max-width: 862px) 100vw, 862px\" \/><\/a>Seguidamente argument\u00f3 que \u201cno es con menos pol\u00edtica, sino con m\u00e1s y mejor pol\u00edtica. Nadie desconoce que hay muchas cosas por corregir de este gobierno nacional que ha hecho mal, pero no es eliminando el Estado ni achicando derechos\u201d, por lo cual confirm\u00f3 que \u201cpor supuesto que voy a votar a Massa, hoy es la mejor opci\u00f3n que tenemos. Lo de Milei lo veo como un salto al vac\u00edo, mucha inconsistencia y falta de preparaci\u00f3n, compar\u00e1ndolo con lo que he hablado a nivel local, que gobernar y ser intendente no es para improvisados, cu\u00e1nto m\u00e1s para presidente\u201d.<\/p>\n<p>\u201cPor eso sin lugar a dudas entre Massa y Milei me quedo con\u00a0 Sergio Massa, entiendo que va a ser lo mejor para seguir gestionando para el distrito de Necochea\u201d, sintetiz\u00f3 al cierre el intendente reelecto de Necochea con casi el 50% de los votos.<\/p>\n","protected":false},"excerpt":{"rendered":"<p>As\u00ed lo afirm\u00f3 el intendente reelecto de Necochea, Arturo Rojas, quien adem\u00e1s asegur\u00f3 que votar\u00e1 a Sergio Massa en el balotaje del 19 de noviembre. En la primera visita a \u201cVoces de la Ciudad\u201d pos reeleci\u00f3n, el intendente Arturo Rojas dialog\u00f3 con el periodista Jorge G\u00f3mez y remarc\u00f3 que \u201cestamos contentos por el caudal que [&hellip;]<\/p>\n","protected":false},"author":3,"featured_media":104330,"comment_status":"open","ping_status":"open","sticky":false,"template":"","format":"standard","meta":{"footnotes":""},"categories":[3],"tags":[],"class_list":["post-104329","post","type-post","status-publish","format-standard","has-post-thumbnail","category-masnoticias"],"_links":{"self":[{"href":"https:\/\/primicias2262.com\/noticias\/wp-json\/wp\/v2\/posts\/104329","targetHints":{"allow":["GET"]}}],"collection":[{"href":"https:\/\/primicias2262.com\/noticias\/wp-json\/wp\/v2\/posts"}],"about":[{"href":"https:\/\/primicias2262.com\/noticias\/wp-json\/wp\/v2\/types\/post"}],"author":[{"embeddable":true,"href":"https:\/\/primicias2262.com\/noticias\/wp-json\/wp\/v2\/users\/3"}],"replies":[{"embeddable":true,"href":"https:\/\/primicias2262.com\/noticias\/wp-json\/wp\/v2\/comments?post=104329"}],"version-history":[{"count":2,"href":"https:\/\/primicias2262.com\/noticias\/wp-json\/wp\/v2\/posts\/104329\/revisions"}],"predecessor-version":[{"id":104334,"href":"https:\/\/primicias2262.com\/noticias\/wp-json\/wp\/v2\/posts\/104329\/revisions\/104334"}],"wp:featuredmedia":[{"embeddable":true,"href":"https:\/\/primicias2262.com\/noticias\/wp-json\/wp\/v2\/media\/104330"}],"wp:attachment":[{"href":"https:\/\/primicias2262.com\/noticias\/wp-json\/wp\/v2\/media?parent=104329"}],"wp:term":[{"taxonomy":"category","embeddable":true,"href":"https:\/\/primicias2262.com\/noticias\/wp-json\/wp\/v2\/categories?post=104329"},{"taxonomy":"post_tag","embeddable":true,"href":"https:\/\/primicias2262.com\/noticias\/wp-json\/wp\/v2\/tags?post=104329"}],"curies":[{"name":"wp","href":"https:\/\/api.w.org\/{rel}","templated":true}]}}