{"id":104335,"date":"2023-10-25T16:15:22","date_gmt":"2023-10-25T16:15:22","guid":{"rendered":"https:\/\/primicias2262.com\/noticias\/?p=104335"},"modified":"2023-10-26T17:17:10","modified_gmt":"2023-10-26T17:17:10","slug":"tras-el-reciente-comicio-asi-sera-el-nuevo-concejo-deliberante","status":"publish","type":"post","link":"https:\/\/primicias2262.com\/noticias\/tras-el-reciente-comicio-asi-sera-el-nuevo-concejo-deliberante\/","title":{"rendered":"Tras el reciente comicio, as\u00ed ser\u00e1 el nuevo Concejo Deliberante"},"content":{"rendered":"<p>La Agrupaci\u00f3n Vecinal Nueva Necochea seguir\u00e1 siendo la primera minor\u00eda, ocupando ocho bancas de las veinte bancas que compone el HCD local. Se la podr\u00e1 observar cuando se produzca en diciembre pr\u00f3ximo la renovaci\u00f3n de la mitad de los integrantes del cuerpo. Por entonces, en sesi\u00f3n preparatoria jurar\u00e1, adem\u00e1s del reelecto intendente Arturo Rojas, los diez ediles que fueran electos en el comicio general del pasado 22 de octubre. Se prev\u00e9 que el oficialismo comunal continuar\u00e1 presidiendo el Deliberante necochense. Har\u00e1 su debut institucional, en el Concejo local, el bloque de La Libertad Avanza, con la jura de dos concejales. La UCR mantendr\u00e1 su presencia con cuatro ediles. Y se est\u00e1 a espera sobre c\u00f3mo se integrar\u00eda el interbloque de Uni\u00f3n por la Patria, que podr\u00eda conformarse tambi\u00e9n con cuatro integrantes, manteniendo la ACT su presencia con dos concejales<\/p>\n<p><strong>Por Jorge G\u00f3mez<\/strong><\/p>\n<p>Con el reciente triunfo electoral de la Agrupaci\u00f3n Vecinal Nueva Necochea, o sea el oficialismo que tiene a su cargo la conducci\u00f3n ejecutiva de la Municipalidad de Necochea, se modificar\u00e1 desde diciembre pr\u00f3ximo la composici\u00f3n del Concejo Deliberante, sin alterar demasiado el n\u00famero de bancas del sost\u00e9n legislativo de la corriente pol\u00edtica que tiene a su cargo los destinos de la comuna local.<\/p>\n<p>Ser\u00e1 ello a partir de la sesi\u00f3n preparatoria en la que jurar\u00e1 el reelecto intendente Arturo Rojas -segundo mandato, hasta diciembre de 2027-, cuando adem\u00e1s asumir\u00e1n los 10 concejales que fueran electos el pasado domingo 22 de octubre. Ser\u00e1 entonces cuando tenga la aparici\u00f3n oficial en el HCD del futuro bloque de La Alianza Libertad.<\/p>\n<p>Estos datos se sustentan en el escrutinio provisorio con que se cuenta, a la espera del resultado final que informe en pocos d\u00edas m\u00e1s la Junta Electoral de la Provincia de Buenos Aires (JEPBA), en lo que concierne a la distribuci\u00f3n de bancas en el HCD local como al igual en la integraci\u00f3n del Consejo Escolar, instituci\u00f3n a la que ingresar\u00e1 -no quedar\u00edan dudas al respecto- los tres candidatos que ofreci\u00f3 y fueran electos en nombre de la Agrupaci\u00f3n Vecinal Nueva Necochea.<\/p>\n<p>El oficialismo municipal local renov\u00f3 d\u00edas pasados -se reitera al aguardo de la confirmaci\u00f3n de la JEPBA- un total de cinco concejales surgidos del reciente comicio, permitiendo por lo tanto la reelecci\u00f3n de Guillermo S\u00e1nchez -actual presidente del Concejo necochense-, Marcelo Schwarz, Gabriela Espinosa y Bartolom\u00e9 Zubillaga, como as\u00ed el ingreso en calidad de edil titular de la actual presidenta Consejo Escolar -termina en diciembre venidero su mandato por all\u00ed-, Silvina Jensen.<\/p>\n<p>Los citados, que tendr\u00e1n mandato de cuatro a\u00f1os, o sea hasta diciembre de 2027, se sumar\u00e1n al cuerpo del oficialismo en el HCD del que seguir\u00e1n siendo parte Bernardo Am\u00edlcar, Ruth\u00a0Kalle y Marcela Garc\u00eda.<\/p>\n<p>Este espacio continuar\u00e1 siendo la primera minor\u00eda con ocho ediles, record\u00e1ndose que el cuerpo de concejales locales cuenta con un total de 20 miembros. Y se presume que la Presidencia del Deliberante local seguir\u00e1 en manos de Nueva Necochea, fundado esto tanto en la reciente victoria electoral como en el n\u00famero de bancas que ocupar\u00e1.<\/p>\n<p>En la misma sesi\u00f3n preparatoria -que ser\u00e1 presidida inicialmente por el concejal de mayor edad de la lista ganadora y actuar\u00e1 como secretario por el edil de menor edad de quien sali\u00f3 segundo en la suma de votos de la elecci\u00f3n del 22 de octubre-. Estos tomar\u00e1n juramento a los electos, tras lo cual se designar\u00e1 al nuevo presidente del HCD y se elegir\u00e1, asimismo, quien estar\u00e1 al frente de la Secretar\u00eda pol\u00edtica del Concejo, algo que se resuelve frente a la moci\u00f3n que surja de los integrantes del cuerpo. Otro tanto se producir\u00e1 con la cobertura de las Vicepresidencias primera y segunda.<\/p>\n<p>Mientras tanto, la Libertad Avanza -la corriente nacional que lidera Javier Milei- obtuvo el en la elecci\u00f3n general dos bancas de concejales tituales. Jurar\u00e1n, haciendo su debut institucional en el HCD y en representaci\u00f3n de este espacio pol\u00edtico los dirigentes \u201clibertarios\u201d Mariano Valiante y Ver\u00f3nica Bibbo.<\/p>\n<p>En otro orden, Uni\u00f3n por la Patria incorporar\u00e1 en el HCD local al odont\u00f3logo Juli\u00e1n Kristiansen y a la obstetra Evangelina Almada. Esta corriente pol\u00edtica -se ver\u00e1n las conversaciones y los supuestos acuerdos interbloques- podr\u00eda conformarse en un cuerpo de cuatro miembros, habida cuenta que habitan en nombre del actual oficialismo nacional y provincial el titular del interbloque del Frente de Todos (oriundo del Frente Renovador), Mauro Vel\u00e1zquez, y la dirigente de La C\u00e1mpora, Andrea C\u00e1ceres (Frente de Todos-Unidad Ciudadana). Estos dos \u00faltimos tienen mandato en el HCD hasta fines de 2025.<\/p>\n<p>Por su parte, el denominado bloque de concejales de la UCR-Juntos (se ver\u00e1 si se mantiene esta denominaci\u00f3n), que en la actualidad ocupa cuatro bancas en el HCD local, seguir\u00e1 con este mismo n\u00famero de componentes. En diciembre pr\u00f3ximo llevar\u00e1 a su t\u00e9rmino el mandato de la dirigente Felicitas Cabret\u00f3n e ingresar\u00e1, en nombre de Juntos por el Cambio, el radical Rodrigo Yrigoyen.<\/p>\n<p>La restante composici\u00f3n del cuerpo de concejales de Necochea la integran representantes de la Agrupaci\u00f3n Comunal Transformadora (ACT), con la continuidad en este Departamento municipal de los ediles Juan Pedro Arabarco y Mariela Maceiro. Esta corriente vecinal no sum\u00f3 nuevos miembros tras la sumatoria provisoria de los votos de la reciente elecci\u00f3n.<\/p>\n<p>Vale citar que al Consejo Escolar de Necochea ingresar\u00e1n y jurar\u00e1n como tales en la rotaci\u00f3n de sus integrantes (cuerpo de seis miembros) los tres candidatos que postul\u00f3 la Agrupaci\u00f3n Vecinal Nueva Necochea: Paula Arguello, \u00c1ngel Llona y Mar\u00eda de los \u00c1ngeles El\u00eda.<\/p>\n","protected":false},"excerpt":{"rendered":"<p>La Agrupaci\u00f3n Vecinal Nueva Necochea seguir\u00e1 siendo la primera minor\u00eda, ocupando ocho bancas de las veinte bancas que compone el HCD local. Se la podr\u00e1 observar cuando se produzca en diciembre pr\u00f3ximo la renovaci\u00f3n de la mitad de los integrantes del cuerpo. Por entonces, en sesi\u00f3n preparatoria jurar\u00e1, adem\u00e1s del reelecto intendente Arturo Rojas, los [&hellip;]<\/p>\n","protected":false},"author":3,"featured_media":100225,"comment_status":"open","ping_status":"open","sticky":false,"template":"","format":"standard","meta":{"footnotes":""},"categories":[3],"tags":[],"class_list":["post-104335","post","type-post","status-publish","format-standard","has-post-thumbnail","category-masnoticias"],"_links":{"self":[{"href":"https:\/\/primicias2262.com\/noticias\/wp-json\/wp\/v2\/posts\/104335","targetHints":{"allow":["GET"]}}],"collection":[{"href":"https:\/\/primicias2262.com\/noticias\/wp-json\/wp\/v2\/posts"}],"about":[{"href":"https:\/\/primicias2262.com\/noticias\/wp-json\/wp\/v2\/types\/post"}],"author":[{"embeddable":true,"href":"https:\/\/primicias2262.com\/noticias\/wp-json\/wp\/v2\/users\/3"}],"replies":[{"embeddable":true,"href":"https:\/\/primicias2262.com\/noticias\/wp-json\/wp\/v2\/comments?post=104335"}],"version-history":[{"count":1,"href":"https:\/\/primicias2262.com\/noticias\/wp-json\/wp\/v2\/posts\/104335\/revisions"}],"predecessor-version":[{"id":104336,"href":"https:\/\/primicias2262.com\/noticias\/wp-json\/wp\/v2\/posts\/104335\/revisions\/104336"}],"wp:featuredmedia":[{"embeddable":true,"href":"https:\/\/primicias2262.com\/noticias\/wp-json\/wp\/v2\/media\/100225"}],"wp:attachment":[{"href":"https:\/\/primicias2262.com\/noticias\/wp-json\/wp\/v2\/media?parent=104335"}],"wp:term":[{"taxonomy":"category","embeddable":true,"href":"https:\/\/primicias2262.com\/noticias\/wp-json\/wp\/v2\/categories?post=104335"},{"taxonomy":"post_tag","embeddable":true,"href":"https:\/\/primicias2262.com\/noticias\/wp-json\/wp\/v2\/tags?post=104335"}],"curies":[{"name":"wp","href":"https:\/\/api.w.org\/{rel}","templated":true}]}}