{"id":104339,"date":"2023-10-25T16:46:54","date_gmt":"2023-10-25T16:46:54","guid":{"rendered":"https:\/\/primicias2262.com\/noticias\/?p=104339"},"modified":"2023-10-26T17:12:50","modified_gmt":"2023-10-26T17:12:50","slug":"union-peronista-festeja-el-triunfo-de-rojas-y-sigue-militando-por-la-presidencia-de-sergio-massa","status":"publish","type":"post","link":"https:\/\/primicias2262.com\/noticias\/union-peronista-festeja-el-triunfo-de-rojas-y-sigue-militando-por-la-presidencia-de-sergio-massa\/","title":{"rendered":"Uni\u00f3n Peronista festeja el triunfo de Rojas y sigue militando por la presidencia de Sergio Massa"},"content":{"rendered":"<p><strong>Los dirigentes de la agrupaci\u00f3n vecinal que se form\u00f3 este a\u00f1o con sede en Quequ\u00e9n, Silvia Jensen y Mario Wilgenhoff, pasaron por los estudios de \u201cVoces de la Ciudad\u201d, 72 horas despu\u00e9s del contundente triunfo electoral del intendente Arturo Rojas y de la imagen que logr\u00f3 revertir en Naci\u00f3n, y que deber\u00e1 refrendar en balotaje, el actual ministro de Econom\u00eda, Sergio Massa.<\/strong><\/p>\n<p>En nota con el periodista Jorge G\u00f3mez, la referente de la multisectorial contra los tarifazos de luz y gas, Silvia Jensen, afirm\u00f3 que \u201cestamos muy contentos porque laburamos mucho en Quequ\u00e9n, Necochea y el interior, y la diferencia de Sergio Massa de las PASO a las generales fue de 10 mil votos m\u00e1s, as\u00ed que estamos muy satisfechos con lo que hicimos\u201d. Se recuerda que la Agrupaci\u00f3n Vecinal Uni\u00f3n Peronista militaba la presidencia de Massa y la reelecci\u00f3n de Axel Kicillof en Provincia, pero a nivel local jug\u00f3 a favor del intendente Rojas.<\/p>\n<p><a href=\"https:\/\/primicias2262.com\/noticias\/wp-content\/uploads\/2023\/10\/silvia-jensen.jpeg\"><img loading=\"lazy\" decoding=\"async\" class=\"aligncenter size-full wp-image-104342\" src=\"https:\/\/primicias2262.com\/noticias\/wp-content\/uploads\/2023\/10\/silvia-jensen.jpeg\" alt=\"\" width=\"1024\" height=\"768\" srcset=\"https:\/\/primicias2262.com\/noticias\/wp-content\/uploads\/2023\/10\/silvia-jensen.jpeg 1024w, https:\/\/primicias2262.com\/noticias\/wp-content\/uploads\/2023\/10\/silvia-jensen-300x225.jpeg 300w, https:\/\/primicias2262.com\/noticias\/wp-content\/uploads\/2023\/10\/silvia-jensen-768x576.jpeg 768w, https:\/\/primicias2262.com\/noticias\/wp-content\/uploads\/2023\/10\/silvia-jensen-150x113.jpeg 150w, https:\/\/primicias2262.com\/noticias\/wp-content\/uploads\/2023\/10\/silvia-jensen-696x522.jpeg 696w\" sizes=\"auto, (max-width: 1024px) 100vw, 1024px\" \/><\/a>Silvia ampli\u00f3 que \u201cahora ya estamos pensando en el 19 de noviembre para que Massa gane el balotaje y sea el nuevo presidente de Argentina, y desde ah\u00ed estamos convocando a todos aquellos que se quieran sumar a nuestro espacio a militar y a dar vuelta la situaci\u00f3n en Necochea, donde gan\u00f3 Milei\u201d.<\/p>\n<p>Seguidamente, opin\u00f3 que \u201cMassa el domingo acert\u00f3 con el discurso de llamar a una unidad nacional y terminar con la grieta, que fue lo que perjudic\u00f3 a Juntos por el Cambio\u201d, mientras que enfatiz\u00f3 que, m\u00e1s all\u00e1 de que el domingo se mostr\u00f3 m\u00e1s mesurado, \u201cJavier Milei tiene un discurso muy violento, antidemocr\u00e1tico y antiderechos\u201d.<\/p>\n<p>Por su parte, el delegado municipal de Quequ\u00e9n, Mario Wilgenhoff, aport\u00f3 que \u201ca punto de cumplir 40 a\u00f1os de Democracia es importante que podamos seguir eligiendo qui\u00e9n nos gobierne a niveles municipal, provincial y nacional\u201d, y asegur\u00f3 que \u201cnuestra agrupaci\u00f3n trabaj\u00f3 mucho para esta elecci\u00f3n, recorri\u00f3 las calles de Quequ\u00e9n explicando por qu\u00e9 \u00edbamos con una boleta cortada y trabaj\u00e1bamos por Massa, Kicillof y Arturo Rojas\u201d.<\/p>\n<p><a href=\"https:\/\/primicias2262.com\/noticias\/wp-content\/uploads\/2023\/10\/mario-wilgenhoff.jpeg\"><img loading=\"lazy\" decoding=\"async\" class=\"aligncenter size-full wp-image-104340\" src=\"https:\/\/primicias2262.com\/noticias\/wp-content\/uploads\/2023\/10\/mario-wilgenhoff.jpeg\" alt=\"\" width=\"1024\" height=\"768\" srcset=\"https:\/\/primicias2262.com\/noticias\/wp-content\/uploads\/2023\/10\/mario-wilgenhoff.jpeg 1024w, https:\/\/primicias2262.com\/noticias\/wp-content\/uploads\/2023\/10\/mario-wilgenhoff-300x225.jpeg 300w, https:\/\/primicias2262.com\/noticias\/wp-content\/uploads\/2023\/10\/mario-wilgenhoff-768x576.jpeg 768w, https:\/\/primicias2262.com\/noticias\/wp-content\/uploads\/2023\/10\/mario-wilgenhoff-150x113.jpeg 150w, https:\/\/primicias2262.com\/noticias\/wp-content\/uploads\/2023\/10\/mario-wilgenhoff-696x522.jpeg 696w\" sizes=\"auto, (max-width: 1024px) 100vw, 1024px\" \/><\/a>En lo local, manifest\u00f3 que \u201cest\u00e1bamos convencidos de que el Intendente puso la ciudad en marcha y en su espacio de Nueva Necochea convergen distintas actores de la pol\u00edtica y distintas ideolog\u00edas donde se trabaja por Necochea\u201d, no obstante \u201cve\u00edamos que hab\u00eda que trabajar para que Massa llegue al balotaje y nos llevamos la grata sorpresa de que fue el m\u00e1s votado y con una diferencia importante\u201d.<\/p>\n<p>\u201cAhora hay que redoblar los esfuerzos para que Massa sea el presidente\u201d, subray\u00f3, aunque recalc\u00f3 que \u201cno nace un nuevo peronismo\u2026 el peronismo es esto, dar vuelta una elecci\u00f3n cuando parece que est\u00e1 perdido\u201d.<\/p>\n","protected":false},"excerpt":{"rendered":"<p>Los dirigentes de la agrupaci\u00f3n vecinal que se form\u00f3 este a\u00f1o con sede en Quequ\u00e9n, Silvia Jensen y Mario Wilgenhoff, pasaron por los estudios de \u201cVoces de la Ciudad\u201d, 72 horas despu\u00e9s del contundente triunfo electoral del intendente Arturo Rojas y de la imagen que logr\u00f3 revertir en Naci\u00f3n, y que deber\u00e1 refrendar en balotaje, [&hellip;]<\/p>\n","protected":false},"author":3,"featured_media":104341,"comment_status":"open","ping_status":"open","sticky":false,"template":"","format":"standard","meta":{"footnotes":""},"categories":[3],"tags":[],"class_list":["post-104339","post","type-post","status-publish","format-standard","has-post-thumbnail","category-masnoticias"],"_links":{"self":[{"href":"https:\/\/primicias2262.com\/noticias\/wp-json\/wp\/v2\/posts\/104339","targetHints":{"allow":["GET"]}}],"collection":[{"href":"https:\/\/primicias2262.com\/noticias\/wp-json\/wp\/v2\/posts"}],"about":[{"href":"https:\/\/primicias2262.com\/noticias\/wp-json\/wp\/v2\/types\/post"}],"author":[{"embeddable":true,"href":"https:\/\/primicias2262.com\/noticias\/wp-json\/wp\/v2\/users\/3"}],"replies":[{"embeddable":true,"href":"https:\/\/primicias2262.com\/noticias\/wp-json\/wp\/v2\/comments?post=104339"}],"version-history":[{"count":1,"href":"https:\/\/primicias2262.com\/noticias\/wp-json\/wp\/v2\/posts\/104339\/revisions"}],"predecessor-version":[{"id":104343,"href":"https:\/\/primicias2262.com\/noticias\/wp-json\/wp\/v2\/posts\/104339\/revisions\/104343"}],"wp:featuredmedia":[{"embeddable":true,"href":"https:\/\/primicias2262.com\/noticias\/wp-json\/wp\/v2\/media\/104341"}],"wp:attachment":[{"href":"https:\/\/primicias2262.com\/noticias\/wp-json\/wp\/v2\/media?parent=104339"}],"wp:term":[{"taxonomy":"category","embeddable":true,"href":"https:\/\/primicias2262.com\/noticias\/wp-json\/wp\/v2\/categories?post=104339"},{"taxonomy":"post_tag","embeddable":true,"href":"https:\/\/primicias2262.com\/noticias\/wp-json\/wp\/v2\/tags?post=104339"}],"curies":[{"name":"wp","href":"https:\/\/api.w.org\/{rel}","templated":true}]}}