{"id":104344,"date":"2023-10-25T17:04:25","date_gmt":"2023-10-25T17:04:25","guid":{"rendered":"https:\/\/primicias2262.com\/noticias\/?p=104344"},"modified":"2023-10-26T17:19:23","modified_gmt":"2023-10-26T17:19:23","slug":"rosario-yunes-penovi-gano-la-instancia-jurisdiccional-de-las-olimpiadas-de-historia-y-viaja-al-nacional","status":"publish","type":"post","link":"https:\/\/primicias2262.com\/noticias\/rosario-yunes-penovi-gano-la-instancia-jurisdiccional-de-las-olimpiadas-de-historia-y-viaja-al-nacional\/","title":{"rendered":"Rosario Yunes Penovi gan\u00f3 la instancia jurisdiccional de las Olimpiadas de Historia y viaja al Nacional"},"content":{"rendered":"<p><strong>\u201cCuando Pablo me dijo que estaba primera no lo pod\u00eda creer\u201d, asegur\u00f3 la alumna necochense de 14 a\u00f1os, en referencia a su docente Pablo Mart\u00ednez, quien le comunic\u00f3 que hab\u00eda resultado ganadora de dicha olimpiada en la provincia de Buenos Aires y en noviembre afrontar\u00e1 la etapa nacional en Santa Fe.<\/strong><\/p>\n<p>Ambos, Rosario y su profesor, fueron entrevistados por el periodista Jorge G\u00f3mez en \u201cVoces de la Ciudad\u201d, donde contaron detalles tras resultar ganadores de la instancia jurisdiccional Categor\u00eda A de la Olimpiada Nacional de Historia, tras lo cual participar\u00e1n en la instancia Nacional en Santa Fe.<\/p>\n<p><a href=\"https:\/\/primicias2262.com\/noticias\/wp-content\/uploads\/2023\/10\/WhatsApp-Image-2023-10-25-at-2.01.16-PM1.jpeg\"><img loading=\"lazy\" decoding=\"async\" class=\"aligncenter size-full wp-image-104348\" src=\"https:\/\/primicias2262.com\/noticias\/wp-content\/uploads\/2023\/10\/WhatsApp-Image-2023-10-25-at-2.01.16-PM1.jpeg\" alt=\"\" width=\"1024\" height=\"904\" srcset=\"https:\/\/primicias2262.com\/noticias\/wp-content\/uploads\/2023\/10\/WhatsApp-Image-2023-10-25-at-2.01.16-PM1.jpeg 1024w, https:\/\/primicias2262.com\/noticias\/wp-content\/uploads\/2023\/10\/WhatsApp-Image-2023-10-25-at-2.01.16-PM1-300x265.jpeg 300w, https:\/\/primicias2262.com\/noticias\/wp-content\/uploads\/2023\/10\/WhatsApp-Image-2023-10-25-at-2.01.16-PM1-768x678.jpeg 768w, https:\/\/primicias2262.com\/noticias\/wp-content\/uploads\/2023\/10\/WhatsApp-Image-2023-10-25-at-2.01.16-PM1-150x132.jpeg 150w, https:\/\/primicias2262.com\/noticias\/wp-content\/uploads\/2023\/10\/WhatsApp-Image-2023-10-25-at-2.01.16-PM1-696x614.jpeg 696w\" sizes=\"auto, (max-width: 1024px) 100vw, 1024px\" \/><\/a><strong>Profesor y alumna junto al periodista Jorge G\u00f3mez<\/strong><\/p>\n<p>En el caso de mar\u00eda Rosario, de 14 a\u00f1os, hija de Marta Penovi y Ra\u00fal Yunes, cursa el 3\u00ba A\u00f1o de la Escuela Secundaria N\u00ba 8, ubicada en el edificio del excolegio Nacional, quien asegur\u00f3 que \u201ccuando nos enteramos no lo pod\u00edamos creer\u2026 yo estaba muy ansiosa en la escuela viendo si sub\u00edan los resultados y cuando llegu\u00e9 a mi casa me llam\u00f3 Pablo y me pregunt\u00f3 si estaba sentada\u2026 ah\u00ed pens\u00e9 que nos hab\u00eda ido muy bien o que hab\u00edamos salido \u00faltimos\u201d, describi\u00f3 con una sonrisa.<\/p>\n<p>\u201cEst\u00e1s primera me dijo Pablo, y no lo pod\u00eda creer, enseguida corr\u00ed a la computadora a fijarme los resultados\u201d, complet\u00f3.<\/p>\n<p>Por su parte, el docente tutor Pablo Mart\u00ednez, contextualiz\u00f3 que \u201cla olimpiada es organizada por la Universidad Nacional del Litoral de Santa Fe, tiene distintas instancias y Rosario gan\u00f3 por la provincia de Buenos Aires, pas\u00f3 a la etapa final que es en noviembre donde concursa un alumno por provincia\u201d.<\/p>\n<p><a href=\"https:\/\/primicias2262.com\/noticias\/wp-content\/uploads\/2023\/10\/pablo-martinez.jpeg\"><img loading=\"lazy\" decoding=\"async\" class=\"aligncenter size-full wp-image-104345\" src=\"https:\/\/primicias2262.com\/noticias\/wp-content\/uploads\/2023\/10\/pablo-martinez.jpeg\" alt=\"\" width=\"1024\" height=\"768\" srcset=\"https:\/\/primicias2262.com\/noticias\/wp-content\/uploads\/2023\/10\/pablo-martinez.jpeg 1024w, https:\/\/primicias2262.com\/noticias\/wp-content\/uploads\/2023\/10\/pablo-martinez-300x225.jpeg 300w, https:\/\/primicias2262.com\/noticias\/wp-content\/uploads\/2023\/10\/pablo-martinez-768x576.jpeg 768w, https:\/\/primicias2262.com\/noticias\/wp-content\/uploads\/2023\/10\/pablo-martinez-150x113.jpeg 150w, https:\/\/primicias2262.com\/noticias\/wp-content\/uploads\/2023\/10\/pablo-martinez-696x522.jpeg 696w\" sizes=\"auto, (max-width: 1024px) 100vw, 1024px\" \/><\/a>\u201cSalir elegidos en el primer lugar es sorprendente\u201d, manifest\u00f3 el profesor, aportando que \u201cesta instancia se hizo a distancia por cuestiones log\u00edsticas, pero el Nacional de Santa Fe es presencial\u201d.<\/p>\n<p>Para consagrase entre m\u00e1s de 20 alumnos de la provincia de Buenos aires, Rosario Yunes Penovi debi\u00f3 responder preguntas atinentes a las transformaciones del siglo XIX y principios del Siglo XX, y las distintas metamorfosis del capitalismo. \u201cNos dieron un manual propio de las olimpiadas y nos mandaron un video tutorial como material de apoyo\u201d, revel\u00f3.<\/p>\n<p><a href=\"https:\/\/primicias2262.com\/noticias\/wp-content\/uploads\/2023\/10\/WhatsApp-Image-2023-10-23-at-7.42.39-PM.jpeg\"><img loading=\"lazy\" decoding=\"async\" class=\"aligncenter size-full wp-image-104347\" src=\"https:\/\/primicias2262.com\/noticias\/wp-content\/uploads\/2023\/10\/WhatsApp-Image-2023-10-23-at-7.42.39-PM.jpeg\" alt=\"\" width=\"1180\" height=\"1600\" srcset=\"https:\/\/primicias2262.com\/noticias\/wp-content\/uploads\/2023\/10\/WhatsApp-Image-2023-10-23-at-7.42.39-PM.jpeg 1180w, https:\/\/primicias2262.com\/noticias\/wp-content\/uploads\/2023\/10\/WhatsApp-Image-2023-10-23-at-7.42.39-PM-221x300.jpeg 221w, https:\/\/primicias2262.com\/noticias\/wp-content\/uploads\/2023\/10\/WhatsApp-Image-2023-10-23-at-7.42.39-PM-755x1024.jpeg 755w, https:\/\/primicias2262.com\/noticias\/wp-content\/uploads\/2023\/10\/WhatsApp-Image-2023-10-23-at-7.42.39-PM-768x1041.jpeg 768w, https:\/\/primicias2262.com\/noticias\/wp-content\/uploads\/2023\/10\/WhatsApp-Image-2023-10-23-at-7.42.39-PM-1133x1536.jpeg 1133w, https:\/\/primicias2262.com\/noticias\/wp-content\/uploads\/2023\/10\/WhatsApp-Image-2023-10-23-at-7.42.39-PM-150x203.jpeg 150w, https:\/\/primicias2262.com\/noticias\/wp-content\/uploads\/2023\/10\/WhatsApp-Image-2023-10-23-at-7.42.39-PM-300x407.jpeg 300w, https:\/\/primicias2262.com\/noticias\/wp-content\/uploads\/2023\/10\/WhatsApp-Image-2023-10-23-at-7.42.39-PM-696x944.jpeg 696w, https:\/\/primicias2262.com\/noticias\/wp-content\/uploads\/2023\/10\/WhatsApp-Image-2023-10-23-at-7.42.39-PM-1068x1448.jpeg 1068w\" sizes=\"auto, (max-width: 1180px) 100vw, 1180px\" \/><\/a><\/p>\n","protected":false},"excerpt":{"rendered":"<p>\u201cCuando Pablo me dijo que estaba primera no lo pod\u00eda creer\u201d, asegur\u00f3 la alumna necochense de 14 a\u00f1os, en referencia a su docente Pablo Mart\u00ednez, quien le comunic\u00f3 que hab\u00eda resultado ganadora de dicha olimpiada en la provincia de Buenos Aires y en noviembre afrontar\u00e1 la etapa nacional en Santa Fe. Ambos, Rosario y su [&hellip;]<\/p>\n","protected":false},"author":3,"featured_media":104346,"comment_status":"open","ping_status":"open","sticky":false,"template":"","format":"standard","meta":{"footnotes":""},"categories":[3],"tags":[],"class_list":["post-104344","post","type-post","status-publish","format-standard","has-post-thumbnail","category-masnoticias"],"_links":{"self":[{"href":"https:\/\/primicias2262.com\/noticias\/wp-json\/wp\/v2\/posts\/104344","targetHints":{"allow":["GET"]}}],"collection":[{"href":"https:\/\/primicias2262.com\/noticias\/wp-json\/wp\/v2\/posts"}],"about":[{"href":"https:\/\/primicias2262.com\/noticias\/wp-json\/wp\/v2\/types\/post"}],"author":[{"embeddable":true,"href":"https:\/\/primicias2262.com\/noticias\/wp-json\/wp\/v2\/users\/3"}],"replies":[{"embeddable":true,"href":"https:\/\/primicias2262.com\/noticias\/wp-json\/wp\/v2\/comments?post=104344"}],"version-history":[{"count":1,"href":"https:\/\/primicias2262.com\/noticias\/wp-json\/wp\/v2\/posts\/104344\/revisions"}],"predecessor-version":[{"id":104349,"href":"https:\/\/primicias2262.com\/noticias\/wp-json\/wp\/v2\/posts\/104344\/revisions\/104349"}],"wp:featuredmedia":[{"embeddable":true,"href":"https:\/\/primicias2262.com\/noticias\/wp-json\/wp\/v2\/media\/104346"}],"wp:attachment":[{"href":"https:\/\/primicias2262.com\/noticias\/wp-json\/wp\/v2\/media?parent=104344"}],"wp:term":[{"taxonomy":"category","embeddable":true,"href":"https:\/\/primicias2262.com\/noticias\/wp-json\/wp\/v2\/categories?post=104344"},{"taxonomy":"post_tag","embeddable":true,"href":"https:\/\/primicias2262.com\/noticias\/wp-json\/wp\/v2\/tags?post=104344"}],"curies":[{"name":"wp","href":"https:\/\/api.w.org\/{rel}","templated":true}]}}