{"id":104351,"date":"2023-10-25T17:23:04","date_gmt":"2023-10-25T17:23:04","guid":{"rendered":"https:\/\/primicias2262.com\/noticias\/?p=104351"},"modified":"2023-10-26T17:37:54","modified_gmt":"2023-10-26T17:37:54","slug":"sugieren-maxima-precaucion-a-quienes-se-meten-al-mar-hasta-tanto-inicie-la-cobertura-de-guardavidas","status":"publish","type":"post","link":"https:\/\/primicias2262.com\/noticias\/sugieren-maxima-precaucion-a-quienes-se-meten-al-mar-hasta-tanto-inicie-la-cobertura-de-guardavidas\/","title":{"rendered":"Sugieren m\u00e1xima precauci\u00f3n a quienes se meten al mar hasta tanto inicie la cobertura de guardavidas"},"content":{"rendered":"<p><strong>El secretario de la Asociaci\u00f3n de Guardavidas Necochea Quequ\u00e9n, Pablo Su\u00e1rez, visit\u00f3 los estudios de \u201cVoces de la Ciudad\u201d y m\u00e1s all\u00e1 de confirmar la fecha del viernes 10 de noviembre como inicio oficial de la cobertura en las playas, acentu\u00f3 en consejos y sugerencias para aquellas personas que ya se meten al mar.playa<\/strong><\/p>\n<p>En di\u00e1logo con el periodista Jorge G\u00f3mez, Su\u00e1rez se refiri\u00f3 primeramente a la reuni\u00f3n con el secretario de Gobierno, Jorge Mart\u00ednez, y dem\u00e1s autoridades municipales para organizar fechas del inicio y finalizaci\u00f3n del servicio para la temporada estival en el partido de Necochea, al confirmar que \u201cven\u00edamos manejando la fecha probable de inicio de temporada con guardavidas para el viernes 10 de noviembre y ayer la pudimos confirmar, con continuidad hasta el 10 de abril de 2024\u201d.<\/p>\n<p>La m\u00e1xima autoridad de Guardavidas se\u00f1al\u00f3 que \u201cya ha habido d\u00edas de temperaturas bastante agradables y ya la gente comenz\u00f3 a entrar al mar, el agua ahora est\u00e1 fr\u00eda, a unos 17 grados, pero empieza a templarse de a poco hasta llegar a los 21 o 22 grados en febrero\u201d.<\/p>\n<p>Acerca de los que ya se meten al agua, acentu\u00f3 Su\u00e1rez que \u201cya estamos haciendo recomendaciones a la gente que se mete al agua hasta tanto comience la cobertura de guardavidas, con mucha precauci\u00f3n y que los menores est\u00e9n siempre bajo la supervisi\u00f3n de un mayor\u201d.<\/p>\n<p>En cuanto a aspectos del servicio, inform\u00f3 que \u201cen noviembre comenzaremos con cobertura reducida como se hace siempre, en Necochea, Quequ\u00e9n y Las Cascadas. Luego se extender\u00e1 a Balneario Los \u00c1ngeles, Puente Blanco y Costa Bonita\u201d, y lo mismo con la plantilla del personal. \u201cComenzaremos con una cantidad de 85 de guardavidas; en diciembre ya ingresan algunos guardavidas municipales m\u00e1s y los compa\u00f1eros que cumplen funciones en balnearios privados, por lo que llegaremos a m\u00e1s de 200 guardavidas\u201d.<\/p>\n","protected":false},"excerpt":{"rendered":"<p>El secretario de la Asociaci\u00f3n de Guardavidas Necochea Quequ\u00e9n, Pablo Su\u00e1rez, visit\u00f3 los estudios de \u201cVoces de la Ciudad\u201d y m\u00e1s all\u00e1 de confirmar la fecha del viernes 10 de noviembre como inicio oficial de la cobertura en las playas, acentu\u00f3 en consejos y sugerencias para aquellas personas que ya se meten al mar.playa En [&hellip;]<\/p>\n","protected":false},"author":3,"featured_media":103751,"comment_status":"open","ping_status":"open","sticky":false,"template":"","format":"standard","meta":{"footnotes":""},"categories":[3],"tags":[],"class_list":["post-104351","post","type-post","status-publish","format-standard","has-post-thumbnail","category-masnoticias"],"_links":{"self":[{"href":"https:\/\/primicias2262.com\/noticias\/wp-json\/wp\/v2\/posts\/104351","targetHints":{"allow":["GET"]}}],"collection":[{"href":"https:\/\/primicias2262.com\/noticias\/wp-json\/wp\/v2\/posts"}],"about":[{"href":"https:\/\/primicias2262.com\/noticias\/wp-json\/wp\/v2\/types\/post"}],"author":[{"embeddable":true,"href":"https:\/\/primicias2262.com\/noticias\/wp-json\/wp\/v2\/users\/3"}],"replies":[{"embeddable":true,"href":"https:\/\/primicias2262.com\/noticias\/wp-json\/wp\/v2\/comments?post=104351"}],"version-history":[{"count":1,"href":"https:\/\/primicias2262.com\/noticias\/wp-json\/wp\/v2\/posts\/104351\/revisions"}],"predecessor-version":[{"id":104352,"href":"https:\/\/primicias2262.com\/noticias\/wp-json\/wp\/v2\/posts\/104351\/revisions\/104352"}],"wp:featuredmedia":[{"embeddable":true,"href":"https:\/\/primicias2262.com\/noticias\/wp-json\/wp\/v2\/media\/103751"}],"wp:attachment":[{"href":"https:\/\/primicias2262.com\/noticias\/wp-json\/wp\/v2\/media?parent=104351"}],"wp:term":[{"taxonomy":"category","embeddable":true,"href":"https:\/\/primicias2262.com\/noticias\/wp-json\/wp\/v2\/categories?post=104351"},{"taxonomy":"post_tag","embeddable":true,"href":"https:\/\/primicias2262.com\/noticias\/wp-json\/wp\/v2\/tags?post=104351"}],"curies":[{"name":"wp","href":"https:\/\/api.w.org\/{rel}","templated":true}]}}