{"id":104353,"date":"2023-10-26T17:12:32","date_gmt":"2023-10-26T17:12:32","guid":{"rendered":"https:\/\/primicias2262.com\/noticias\/?p=104353"},"modified":"2023-10-27T15:46:58","modified_gmt":"2023-10-27T15:46:58","slug":"azcoiti-y-el-balotaje-tenemos-un-fascista-loco-como-milei-y-del-otro-lado-a-un-tipo-que-es-muy-poco-confiable","status":"publish","type":"post","link":"https:\/\/primicias2262.com\/noticias\/azcoiti-y-el-balotaje-tenemos-un-fascista-loco-como-milei-y-del-otro-lado-a-un-tipo-que-es-muy-poco-confiable\/","title":{"rendered":"Azcoiti y el balotaje: \u201cTenemos un fascista loco como Milei y del otro lado a un tipo que es muy poco confiable\u201d"},"content":{"rendered":"<p><strong>As\u00ed lo expres\u00f3 el hist\u00f3rico dirigente de la Uni\u00f3n C\u00edvica Radical, Pedro Azcoiti, quien en \u201cVoces de la Ciudad\u201d asegur\u00f3 adem\u00e1s que en las \u00faltimas horas \u201cJuntos por el Cambio\u201d tuvo su partida de defunci\u00f3n.<\/strong><\/p>\n<p>En nota con el periodista Jorge G\u00f3mez, \u201cPerico\u201d Azcoiti analiz\u00f3 el r\u00edo turbulento de Juntos por el Cambio y se meti\u00f3 de lleno en el balotajke del 19 de noviembre que protagonizar\u00e1n Sergio Massa de uni\u00f3n por la Patria y Javier Milei por la Libertad Avanza.<\/p>\n<p>Respecto a lo primero defini\u00f3 que \u201cno me llam\u00f3 la atenci\u00f3n la actitud de Mauricio Macri, hace ya un tiempo que qued\u00f3 claro que \u00e9l ten\u00eda una afinidad con Milei, y si uno mira un poco para atr\u00e1s se ve que Macri fue el inventor de Patricia Bullrich como candidata para socavar las posibilidades de Horacio Rodr\u00edguez Larreta, que era el candidato natural, y luego las posibilidades de la propia Bullrich con las actitudes que tuvo durante la campa\u00f1a\u201d.<\/p>\n<p>Por consiguiente, \u201cJuntos por el Cambio tuvo su partida de defunci\u00f3n, por lo menos como lo conoc\u00edamos hasta ahora\u201d, manifest\u00f3, para acotar que \u201cHa habido posiciones muy claras del radicalismo y la Coalici\u00f3n C\u00edvica con respecto a que ni uno ni otro, que son los socios del PRO acompa\u00f1en esta posibilidad, inclusive dirigentes notorios del propio PRO expresaron que tampoco acompa\u00f1ar\u00e1n a Milei, como Rodr\u00edguez Larreta o Eugenia Vidal, o funcionarios del propio Mauricio Macri\u201d.<\/p>\n<p>En ese contexto, asegur\u00f3 que \u201cpertenezco a una l\u00ednea de pensamiento del radicalismo en la que nos sent\u00edamos verdaderamente inc\u00f3modos en esto y nunca, ya fuera Cambiemos primero o Juntos por el Cambio despu\u00e9s, se consolid\u00f3 como una coalici\u00f3n pol\u00edtica en serio\u201d, sino que \u201csimplemente fue una coalici\u00f3n electoral con acuerdos de funcionamiento en el parlamento, pero si se repasa lo que fue el gobierno de Macri o de Vidal en la Provincia, el radicalismo no tuvo mayor participaci\u00f3n, ni siquiera en las decisiones\u201d.<\/p>\n<p>Y a t\u00edtulo personal, de cara al balotaje, expres\u00f3 Azcoiti que \u201ccreo que hay una candidatura extremadamente peligrosa de un fascista loco como es Milei, basta ver los apoyos internacionales que tiene como los herederos de Mussolini en Italia o Bolsonaro y Trump en el \u00e1mbito americano, creo que es el l\u00edmite absoluto;\u00a0 y del otro lado tenemos a un tipo que es muy poco confiable (Sergio Massa), que pas\u00f3 de barrer los \u00f1oquis de La C\u00e1mpora a esta convocatoria de unidad nacional\u201d.<\/p>\n<p>Sin decir qu\u00e9 votar\u00e1, agreg\u00f3 que \u201cestamos en una situaci\u00f3n muy delicada y lamentablemente vamos a festejar los 40 a\u00f1os de democracia as\u00ed, me pregunto qu\u00e9 nos pas\u00f3 para que 40 a\u00f1os despu\u00e9s estemos como estamos, porque el balotaje es una consecuencia de la desintegraci\u00f3n del cuerpo pol\u00edtico en Argentina y hace 40 a\u00f1os que elegimos nosotros\u201d.<\/p>\n<p>\u201cReitero que es muy peligroso el punto al que hemos llegado\u2026 a m\u00ed Milei me aterra y no tengo problemas en votar a un peronista como Massa, pero es poco cre\u00edble esta convocatoria a una uni\u00f3n nacional\u2026 quedan 20 d\u00edas para la elecci\u00f3n y hay que ver qu\u00e9 compromiso asume cada candidato y ver de qu\u00e9 se trata esto, redonde\u00f3.<\/p>\n","protected":false},"excerpt":{"rendered":"<p>As\u00ed lo expres\u00f3 el hist\u00f3rico dirigente de la Uni\u00f3n C\u00edvica Radical, Pedro Azcoiti, quien en \u201cVoces de la Ciudad\u201d asegur\u00f3 adem\u00e1s que en las \u00faltimas horas \u201cJuntos por el Cambio\u201d tuvo su partida de defunci\u00f3n. En nota con el periodista Jorge G\u00f3mez, \u201cPerico\u201d Azcoiti analiz\u00f3 el r\u00edo turbulento de Juntos por el Cambio y se [&hellip;]<\/p>\n","protected":false},"author":3,"featured_media":104354,"comment_status":"open","ping_status":"open","sticky":false,"template":"","format":"standard","meta":{"footnotes":""},"categories":[3],"tags":[],"class_list":["post-104353","post","type-post","status-publish","format-standard","has-post-thumbnail","category-masnoticias"],"_links":{"self":[{"href":"https:\/\/primicias2262.com\/noticias\/wp-json\/wp\/v2\/posts\/104353","targetHints":{"allow":["GET"]}}],"collection":[{"href":"https:\/\/primicias2262.com\/noticias\/wp-json\/wp\/v2\/posts"}],"about":[{"href":"https:\/\/primicias2262.com\/noticias\/wp-json\/wp\/v2\/types\/post"}],"author":[{"embeddable":true,"href":"https:\/\/primicias2262.com\/noticias\/wp-json\/wp\/v2\/users\/3"}],"replies":[{"embeddable":true,"href":"https:\/\/primicias2262.com\/noticias\/wp-json\/wp\/v2\/comments?post=104353"}],"version-history":[{"count":1,"href":"https:\/\/primicias2262.com\/noticias\/wp-json\/wp\/v2\/posts\/104353\/revisions"}],"predecessor-version":[{"id":104355,"href":"https:\/\/primicias2262.com\/noticias\/wp-json\/wp\/v2\/posts\/104353\/revisions\/104355"}],"wp:featuredmedia":[{"embeddable":true,"href":"https:\/\/primicias2262.com\/noticias\/wp-json\/wp\/v2\/media\/104354"}],"wp:attachment":[{"href":"https:\/\/primicias2262.com\/noticias\/wp-json\/wp\/v2\/media?parent=104353"}],"wp:term":[{"taxonomy":"category","embeddable":true,"href":"https:\/\/primicias2262.com\/noticias\/wp-json\/wp\/v2\/categories?post=104353"},{"taxonomy":"post_tag","embeddable":true,"href":"https:\/\/primicias2262.com\/noticias\/wp-json\/wp\/v2\/tags?post=104353"}],"curies":[{"name":"wp","href":"https:\/\/api.w.org\/{rel}","templated":true}]}}