{"id":104356,"date":"2023-10-26T17:16:41","date_gmt":"2023-10-26T17:16:41","guid":{"rendered":"https:\/\/primicias2262.com\/noticias\/?p=104356"},"modified":"2023-10-27T15:15:51","modified_gmt":"2023-10-27T15:15:51","slug":"el-lunes-30-abre-el-periodo-de-inscripcion-a-jardines-maternales-para-hijos-de-municipales","status":"publish","type":"post","link":"https:\/\/primicias2262.com\/noticias\/el-lunes-30-abre-el-periodo-de-inscripcion-a-jardines-maternales-para-hijos-de-municipales\/","title":{"rendered":"El lunes 30 abre el periodo de inscripci\u00f3n a jardines maternales para hijos de municipales"},"content":{"rendered":"<div class=\"elementor-element elementor-element-38a37d5 elementor-widget elementor-widget-theme-post-content\" data-id=\"38a37d5\" data-element_type=\"widget\" data-widget_type=\"theme-post-content.default\">\n<div class=\"elementor-widget-container\">\n<p><strong>El periodo de inscripci\u00f3n se extender\u00e1 hasta el viernes 3 de noviembre. Se detallan tambi\u00e9n fechas para el resto de la comunidad por fuera de la \u00f3rbita municipal.<\/strong><\/p>\n<p>La Secretar\u00eda de Desarrollo Humano y Pol\u00edticas Sociales, a trav\u00e9s de la Direcci\u00f3n de Educaci\u00f3n, recuerda que la inscripci\u00f3n en los Jardines Maternales (Evita, Pichi Huinca, Barquito de Papel y Acuario) para hijos e hijas de empleados municipales se realizar\u00e1 desde el venidero lunes 30 de octubre hasta el viernes 3 de noviembre, inclusive, de 9 a 11 Hs. y de 14 a 15:30 hs.<\/p>\n<p><strong>En cada instituci\u00f3n, la documentaci\u00f3n solicitada ser\u00e1 la certificaci\u00f3n de trabajo vigente y el DNI (original y copia) del ni\u00f1o\/a y de sus padres.<\/strong><\/p>\n<p>Por su parte, <strong>en lo que respecta al Jard\u00edn de Infantes Lassalle<\/strong> la inscripci\u00f3n para hijos\/as de empleados municipales est\u00e1 vigente durante esta semana hasta este viernes 27 inclusive, en el horario de 9 a 11 y de 13 a 15 Hs.<\/p>\n<p><strong>En este caso, se debe presentar original y copia de DNI del ni\u00f1o\/a, y de los padres, certificado de nacimiento, libreta sanitaria completa, certificaci\u00f3n laboral o recibo de sueldo, constancia de alumno regular (en caso de venir del Jard\u00edn Maternal Evita) y la planilla de inscripci\u00f3n (que se compra en la Librer\u00eda Mi casa).<\/strong><\/p>\n<p>En cuanto a la apertura de inscripciones para la comunidad por fuera del universo municipal, tendr\u00e1n lugar en los jardines maternales del 14 al 17 de noviembre, de 9 a 11 hs. y de 14 a 15:30 hs.; y en el Jard\u00edn Lassalle los mismos d\u00edas, pero de 9 a 11 Hs. y de 13 a 15 Hs.<\/p>\n<\/div>\n<\/div>\n","protected":false},"excerpt":{"rendered":"<p>El periodo de inscripci\u00f3n se extender\u00e1 hasta el viernes 3 de noviembre. Se detallan tambi\u00e9n fechas para el resto de la comunidad por fuera de la \u00f3rbita municipal. La Secretar\u00eda de Desarrollo Humano y Pol\u00edticas Sociales, a trav\u00e9s de la Direcci\u00f3n de Educaci\u00f3n, recuerda que la inscripci\u00f3n en los Jardines Maternales (Evita, Pichi Huinca, Barquito [&hellip;]<\/p>\n","protected":false},"author":3,"featured_media":104357,"comment_status":"open","ping_status":"open","sticky":false,"template":"","format":"standard","meta":{"footnotes":""},"categories":[3],"tags":[],"class_list":["post-104356","post","type-post","status-publish","format-standard","has-post-thumbnail","category-masnoticias"],"_links":{"self":[{"href":"https:\/\/primicias2262.com\/noticias\/wp-json\/wp\/v2\/posts\/104356","targetHints":{"allow":["GET"]}}],"collection":[{"href":"https:\/\/primicias2262.com\/noticias\/wp-json\/wp\/v2\/posts"}],"about":[{"href":"https:\/\/primicias2262.com\/noticias\/wp-json\/wp\/v2\/types\/post"}],"author":[{"embeddable":true,"href":"https:\/\/primicias2262.com\/noticias\/wp-json\/wp\/v2\/users\/3"}],"replies":[{"embeddable":true,"href":"https:\/\/primicias2262.com\/noticias\/wp-json\/wp\/v2\/comments?post=104356"}],"version-history":[{"count":1,"href":"https:\/\/primicias2262.com\/noticias\/wp-json\/wp\/v2\/posts\/104356\/revisions"}],"predecessor-version":[{"id":104358,"href":"https:\/\/primicias2262.com\/noticias\/wp-json\/wp\/v2\/posts\/104356\/revisions\/104358"}],"wp:featuredmedia":[{"embeddable":true,"href":"https:\/\/primicias2262.com\/noticias\/wp-json\/wp\/v2\/media\/104357"}],"wp:attachment":[{"href":"https:\/\/primicias2262.com\/noticias\/wp-json\/wp\/v2\/media?parent=104356"}],"wp:term":[{"taxonomy":"category","embeddable":true,"href":"https:\/\/primicias2262.com\/noticias\/wp-json\/wp\/v2\/categories?post=104356"},{"taxonomy":"post_tag","embeddable":true,"href":"https:\/\/primicias2262.com\/noticias\/wp-json\/wp\/v2\/tags?post=104356"}],"curies":[{"name":"wp","href":"https:\/\/api.w.org\/{rel}","templated":true}]}}