{"id":104359,"date":"2023-10-26T17:19:06","date_gmt":"2023-10-26T17:19:06","guid":{"rendered":"https:\/\/primicias2262.com\/noticias\/?p=104359"},"modified":"2023-10-27T15:37:10","modified_gmt":"2023-10-27T15:37:10","slug":"convocan-a-productores-cerveceros-interesados-en-participar-de-la-inauguracion-de-la-temporada","status":"publish","type":"post","link":"https:\/\/primicias2262.com\/noticias\/convocan-a-productores-cerveceros-interesados-en-participar-de-la-inauguracion-de-la-temporada\/","title":{"rendered":"Convocan a productores cerveceros interesados en participar de la inauguraci\u00f3n de la temporada"},"content":{"rendered":"<p><strong>La reuni\u00f3n ser\u00e1 este lunes 30 a partir de las 13 en las oficinas de la Secretar\u00eda de Turismo y Desarrollo Productivo, en Av. 2 y 87.<\/strong><\/p>\n<p>La Secretar\u00eda de Turismo y Desarrollo Productivo, a cargo de Mat\u00edas Sierra, convoca a productores cerveceros locales interesados en participar en la inauguraci\u00f3n de la temporada 2023\/2024, a una reuni\u00f3n el pr\u00f3ximo lunes 30 de octubre a partir de las 13 en sede de dicha Secretar\u00eda, en Av. 2 y 87.<\/p>\n<p>El objetivo es continuar con el trabajo conjunto que se viene planteando desde el inicio de la gesti\u00f3n, y organizar junto al sector privado la fiesta que marcar\u00e1 el inicio de uno de los momentos con mayor actividad en el distrito.<\/p>\n<p>En este sentido, cabe agregar que posteriormente se ir\u00e1 convocando a otros sectores involucrados.<\/p>\n<p>Desde Turismo, se aclar\u00f3 que se debe confirmar asistencia a la reuni\u00f3n a trav\u00e9s de mail: <a href=\"mailto:secretariaturismonecochea@gmail.com\">secretariaturismonecochea@gmail.com<\/a> , o al whatssapp 431153.<\/p>\n","protected":false},"excerpt":{"rendered":"<p>La reuni\u00f3n ser\u00e1 este lunes 30 a partir de las 13 en las oficinas de la Secretar\u00eda de Turismo y Desarrollo Productivo, en Av. 2 y 87. La Secretar\u00eda de Turismo y Desarrollo Productivo, a cargo de Mat\u00edas Sierra, convoca a productores cerveceros locales interesados en participar en la inauguraci\u00f3n de la temporada 2023\/2024, a [&hellip;]<\/p>\n","protected":false},"author":3,"featured_media":104360,"comment_status":"open","ping_status":"open","sticky":false,"template":"","format":"standard","meta":{"footnotes":""},"categories":[3],"tags":[],"class_list":["post-104359","post","type-post","status-publish","format-standard","has-post-thumbnail","category-masnoticias"],"_links":{"self":[{"href":"https:\/\/primicias2262.com\/noticias\/wp-json\/wp\/v2\/posts\/104359","targetHints":{"allow":["GET"]}}],"collection":[{"href":"https:\/\/primicias2262.com\/noticias\/wp-json\/wp\/v2\/posts"}],"about":[{"href":"https:\/\/primicias2262.com\/noticias\/wp-json\/wp\/v2\/types\/post"}],"author":[{"embeddable":true,"href":"https:\/\/primicias2262.com\/noticias\/wp-json\/wp\/v2\/users\/3"}],"replies":[{"embeddable":true,"href":"https:\/\/primicias2262.com\/noticias\/wp-json\/wp\/v2\/comments?post=104359"}],"version-history":[{"count":1,"href":"https:\/\/primicias2262.com\/noticias\/wp-json\/wp\/v2\/posts\/104359\/revisions"}],"predecessor-version":[{"id":104361,"href":"https:\/\/primicias2262.com\/noticias\/wp-json\/wp\/v2\/posts\/104359\/revisions\/104361"}],"wp:featuredmedia":[{"embeddable":true,"href":"https:\/\/primicias2262.com\/noticias\/wp-json\/wp\/v2\/media\/104360"}],"wp:attachment":[{"href":"https:\/\/primicias2262.com\/noticias\/wp-json\/wp\/v2\/media?parent=104359"}],"wp:term":[{"taxonomy":"category","embeddable":true,"href":"https:\/\/primicias2262.com\/noticias\/wp-json\/wp\/v2\/categories?post=104359"},{"taxonomy":"post_tag","embeddable":true,"href":"https:\/\/primicias2262.com\/noticias\/wp-json\/wp\/v2\/tags?post=104359"}],"curies":[{"name":"wp","href":"https:\/\/api.w.org\/{rel}","templated":true}]}}