{"id":104370,"date":"2023-10-27T15:15:36","date_gmt":"2023-10-27T15:15:36","guid":{"rendered":"https:\/\/primicias2262.com\/noticias\/?p=104370"},"modified":"2023-10-31T18:38:08","modified_gmt":"2023-10-31T18:38:08","slug":"goicoechea-resalto-la-gestion-del-intendente-rojas-y-aseguro-que-votara-a-massa-en-el-balotaje","status":"publish","type":"post","link":"https:\/\/primicias2262.com\/noticias\/goicoechea-resalto-la-gestion-del-intendente-rojas-y-aseguro-que-votara-a-massa-en-el-balotaje\/","title":{"rendered":"Goicoechea resalt\u00f3 la gesti\u00f3n del intendente Rojas y asegur\u00f3 que votar\u00e1 a Massa en el balotaje"},"content":{"rendered":"<p><strong>El empresario necochense, Mario Goicoechea, visit\u00f3 los estudios de \u201cVoces de la Ciudad\u201d para anunciar la jornada de l\u00edderes y empresas del viernes venidero en el Centro de Acopiadores de Cereales y por supuesto no soslay\u00f3 hablar de pol\u00edtica.<\/strong><\/p>\n<p>En nota con el periodista Jorge G\u00f3mez, el excandidato a intendente y expresidente del Consorcio de Gesti\u00f3n de Puerto Quequ\u00e9n, brind\u00f3 primeramente su visi\u00f3n de cara al balotaje presidencial del 19 de noviembre, al segurar que \u201cvoy a votar a Sergio Massa, me gusta mucho y considero que tiene mucha capacidad de gesti\u00f3n, lo ha demostrado en todo lo que ha hecho y prefiero que sea presidente \u00e9l y no Milei\u201d.<\/p>\n<p>De all\u00ed fue bajando hacia lo local. \u201cAxel Kicillof hizo una elecci\u00f3n extraordinaria, la gente lo ha elegido por la gesti\u00f3n, \u00a0y Arturo (Rojas) ha hecho una buena gesti\u00f3n y por eso la gente lo apoy\u00f3\u201d, opin\u00f3, para acotar que \u201cesto es bueno para Necochea, Arturo es inteligente y al ser un partido vecinal puede ir acerc\u00e1ndose a quien gane. La ciudad necesita el apoyo de Provincia y Naci\u00f3n. Si gana Massa puede acercarse a \u00e9l y Kicillof y negociar cosas para la ciudad\u201d.<\/p>\n<p>Por ello, es que Goicoechea se\u00f1al\u00f3 que \u201ccreo que vienen buenos a\u00f1os para la ciudad, Arturo es un tipo inteligente (insisti\u00f3) y \u00e9l transpira la gesti\u00f3n, le gusta que lo saluden en la calle y hay que ayudarlo, no hay que quedarse quietos\u201d.<\/p>\n<p>Es as\u00ed que, como en notas anteriores, volvi\u00f3 a subrayar el trabajo conjunto entre lo estatal y lo privado. \u201cLa clave es el sector privado, pero tiene que haber un municipio ordenado para que el privado tenga confianza, porque es muy dif\u00edcil meterte en una bolsa de gatos y llena de corrupci\u00f3n. As\u00ed las empresas no vienen\u201d.<\/p>\n<p>\u201cPero ahora -diferenci\u00f3- empez\u00e1s a ver un aire diferente en la ciudad, y no lo digo yo\u2026 se nota porque las empresas empiezan a venir. Si no, no vienen, que era lo que pasaba\u201d.<\/p>\n<p>Por otra parte, se refiri\u00f3 a la jornada \u201cConectado l\u00edderes y potenciando empresas\u201d, para el venidero viernes 3 de noviembre en el Centro de Acopiadores de Cereales de Necochea a partir de las 10, bajo la organizaci\u00f3n de la C\u00e1mara Industrial, de Producci\u00f3n y Servicios de Puerto Quequ\u00e9n (CAPROQ).<\/p>\n<p>\u201cTenemos paneles con diferentes tem\u00e1ticas, se recibe a l\u00edderes nacionales de agroindustria, especialistas portuarios y es posible que se cuente con la presencia de la secretaria de gesti\u00f3n de Transporte de Naci\u00f3n, Jimena L\u00f3pez\u201d; adem\u00e1s del acompa\u00f1amiento del intendente Arturo Rojas y el juez Federal Bernardo Bibbel; entre dem\u00e1s presencias estelares.<\/p>\n<p>\u201cEstamos felices de las presencias importantes que acompa\u00f1ar\u00e1n, que permiten potenciar lo privado pero siempre apoy\u00e1ndose en lo p\u00fablico y trabajando juntos\u201d, concluy\u00f3.<\/p>\n","protected":false},"excerpt":{"rendered":"<p>El empresario necochense, Mario Goicoechea, visit\u00f3 los estudios de \u201cVoces de la Ciudad\u201d para anunciar la jornada de l\u00edderes y empresas del viernes venidero en el Centro de Acopiadores de Cereales y por supuesto no soslay\u00f3 hablar de pol\u00edtica. En nota con el periodista Jorge G\u00f3mez, el excandidato a intendente y expresidente del Consorcio de [&hellip;]<\/p>\n","protected":false},"author":3,"featured_media":101681,"comment_status":"open","ping_status":"open","sticky":false,"template":"","format":"standard","meta":{"footnotes":""},"categories":[3],"tags":[],"class_list":["post-104370","post","type-post","status-publish","format-standard","has-post-thumbnail","category-masnoticias"],"_links":{"self":[{"href":"https:\/\/primicias2262.com\/noticias\/wp-json\/wp\/v2\/posts\/104370","targetHints":{"allow":["GET"]}}],"collection":[{"href":"https:\/\/primicias2262.com\/noticias\/wp-json\/wp\/v2\/posts"}],"about":[{"href":"https:\/\/primicias2262.com\/noticias\/wp-json\/wp\/v2\/types\/post"}],"author":[{"embeddable":true,"href":"https:\/\/primicias2262.com\/noticias\/wp-json\/wp\/v2\/users\/3"}],"replies":[{"embeddable":true,"href":"https:\/\/primicias2262.com\/noticias\/wp-json\/wp\/v2\/comments?post=104370"}],"version-history":[{"count":2,"href":"https:\/\/primicias2262.com\/noticias\/wp-json\/wp\/v2\/posts\/104370\/revisions"}],"predecessor-version":[{"id":104394,"href":"https:\/\/primicias2262.com\/noticias\/wp-json\/wp\/v2\/posts\/104370\/revisions\/104394"}],"wp:featuredmedia":[{"embeddable":true,"href":"https:\/\/primicias2262.com\/noticias\/wp-json\/wp\/v2\/media\/101681"}],"wp:attachment":[{"href":"https:\/\/primicias2262.com\/noticias\/wp-json\/wp\/v2\/media?parent=104370"}],"wp:term":[{"taxonomy":"category","embeddable":true,"href":"https:\/\/primicias2262.com\/noticias\/wp-json\/wp\/v2\/categories?post=104370"},{"taxonomy":"post_tag","embeddable":true,"href":"https:\/\/primicias2262.com\/noticias\/wp-json\/wp\/v2\/tags?post=104370"}],"curies":[{"name":"wp","href":"https:\/\/api.w.org\/{rel}","templated":true}]}}