{"id":104379,"date":"2023-10-27T15:46:46","date_gmt":"2023-10-27T15:46:46","guid":{"rendered":"https:\/\/primicias2262.com\/noticias\/?p=104379"},"modified":"2023-10-30T17:08:49","modified_gmt":"2023-10-30T17:08:49","slug":"martinez-reconocio-probables-retoques-en-la-gestion-yo-soy-un-soldado-y-estoy-muy-comodo-con-arturo","status":"publish","type":"post","link":"https:\/\/primicias2262.com\/noticias\/martinez-reconocio-probables-retoques-en-la-gestion-yo-soy-un-soldado-y-estoy-muy-comodo-con-arturo\/","title":{"rendered":"Mart\u00ednez reconoci\u00f3 probables retoques en la gesti\u00f3n: \u201cYo soy un soldado y estoy muy c\u00f3modo con Arturo\u201d"},"content":{"rendered":"<p><strong>Luego del contundente triunfo electoral del partido Nueva Necochea que lidera el intendente Arturo Rojas, se empieza a imponer el interrogante si a partir de diciembre habr\u00e1 modificaciones en la planta pol\u00edtica del Departamento Ejecutivo, y el secretario de Gobierno Jorge\u00a0 Mart\u00ednez algo dej\u00f3 entrever en \u201cVoces de la Ciudad\u201d, durante una nota realizada por el periodista Jorge G\u00f3mez.<\/strong><\/p>\n<p>Habiendo vuelto del Concejo Deliberante a la funci\u00f3n en el Ejecutivo, se le pregunt\u00f3 si vuelve al HCD, sobre lo que respondi\u00f3 entre risas que \u201cdicen que va haber retoques\u2026 yo por las dudas dejo todo armadito\u2026 yo soy un soldado y estoy muy c\u00f3modo con Arturo, se trabaja muy bien con \u00e9l, aunque por supuesto a veces es necesario refrescar las \u00e1reas y es natural\u201d.<\/p>\n<p>Sigui\u00f3 ponderando de Rojas que \u201cestamos ante una persona que tiene los pies bien plantados y sabe hacia d\u00f3nde tiene que ir, lo ha demostrado durante estos cuatro a\u00f1os, aun contra las trabas que ha tenido, y la sociedad le ha dado un espaldarazo muy grande, as\u00ed que es el momento de tomar decisiones que le permitan el salto de calidad en infraestructura, turismo, inversi\u00f3n y producci\u00f3n a la ciudad\u201d.<\/p>\n<p>Para ello se necesita un ida y vuelta permanente con el cuerpo deliberativo, y por ello Mart\u00ednez recalc\u00f3 que \u201cexiste una relaci\u00f3n madura con el Concejo Deliberante, y estamos en una oportunidad que hace a\u00f1os que no se da: que un intendente pueda tener una continuidad con su proyecto, que m\u00e1s all\u00e1 de que encabeza Nueva Necochea creemos que es de todos los necochenses, todos tenemos que ser parte porque se van a discutir cuestiones importantes de la ciudad como el tema del Casino, que har\u00e1n que la ciudad pegue un salto de calidad y es necesario que todos apoyemos\u201d.<\/p>\n<p>Por \u00faltimo, Mart\u00ednez hizo extensivo un profundo agradecimiento a todos los vecinos que acompa\u00f1aron con su voto, y afirm\u00f3 que \u201cestoy muy contento con la gesti\u00f3n, camino mucho los pasillos del municipio, no me quedo encerrado, y eso me permite tener un panorama de lo que pasa en cada una de las \u00e1reas, y cuando el vecino va a requerir una problem\u00e1tica en particular uno sabe d\u00f3nde debe ir\u201d.<\/p>\n","protected":false},"excerpt":{"rendered":"<p>Luego del contundente triunfo electoral del partido Nueva Necochea que lidera el intendente Arturo Rojas, se empieza a imponer el interrogante si a partir de diciembre habr\u00e1 modificaciones en la planta pol\u00edtica del Departamento Ejecutivo, y el secretario de Gobierno Jorge\u00a0 Mart\u00ednez algo dej\u00f3 entrever en \u201cVoces de la Ciudad\u201d, durante una nota realizada por [&hellip;]<\/p>\n","protected":false},"author":3,"featured_media":104380,"comment_status":"open","ping_status":"open","sticky":false,"template":"","format":"standard","meta":{"footnotes":""},"categories":[3],"tags":[],"class_list":["post-104379","post","type-post","status-publish","format-standard","has-post-thumbnail","category-masnoticias"],"_links":{"self":[{"href":"https:\/\/primicias2262.com\/noticias\/wp-json\/wp\/v2\/posts\/104379","targetHints":{"allow":["GET"]}}],"collection":[{"href":"https:\/\/primicias2262.com\/noticias\/wp-json\/wp\/v2\/posts"}],"about":[{"href":"https:\/\/primicias2262.com\/noticias\/wp-json\/wp\/v2\/types\/post"}],"author":[{"embeddable":true,"href":"https:\/\/primicias2262.com\/noticias\/wp-json\/wp\/v2\/users\/3"}],"replies":[{"embeddable":true,"href":"https:\/\/primicias2262.com\/noticias\/wp-json\/wp\/v2\/comments?post=104379"}],"version-history":[{"count":1,"href":"https:\/\/primicias2262.com\/noticias\/wp-json\/wp\/v2\/posts\/104379\/revisions"}],"predecessor-version":[{"id":104382,"href":"https:\/\/primicias2262.com\/noticias\/wp-json\/wp\/v2\/posts\/104379\/revisions\/104382"}],"wp:featuredmedia":[{"embeddable":true,"href":"https:\/\/primicias2262.com\/noticias\/wp-json\/wp\/v2\/media\/104380"}],"wp:attachment":[{"href":"https:\/\/primicias2262.com\/noticias\/wp-json\/wp\/v2\/media?parent=104379"}],"wp:term":[{"taxonomy":"category","embeddable":true,"href":"https:\/\/primicias2262.com\/noticias\/wp-json\/wp\/v2\/categories?post=104379"},{"taxonomy":"post_tag","embeddable":true,"href":"https:\/\/primicias2262.com\/noticias\/wp-json\/wp\/v2\/tags?post=104379"}],"curies":[{"name":"wp","href":"https:\/\/api.w.org\/{rel}","templated":true}]}}