{"id":104383,"date":"2023-10-30T16:41:14","date_gmt":"2023-10-30T16:41:14","guid":{"rendered":"https:\/\/primicias2262.com\/noticias\/?p=104383"},"modified":"2023-10-31T18:54:26","modified_gmt":"2023-10-31T18:54:26","slug":"municipales-se-depositarian-sueldos-este-martes-y-el-asueto-del-8-11-se-correria-al-lunes-13","status":"publish","type":"post","link":"https:\/\/primicias2262.com\/noticias\/municipales-se-depositarian-sueldos-este-martes-y-el-asueto-del-8-11-se-correria-al-lunes-13\/","title":{"rendered":"Municipales: se depositar\u00edan sueldos este martes y el asueto del 8\/11 se correr\u00eda al lunes 13"},"content":{"rendered":"<p><strong>As\u00ed lo confirm\u00f3 el secretario Adjunto del Sindicato de Trabajadores Municipales, Gast\u00f3n D\u00edaz, durante una breve nota telef\u00f3nica realizada por el periodista Jorge G\u00f3mez en \u201cVoces de la Ciudad\u201d.<\/strong><\/p>\n<p>En principio, D\u00edaz fue consultado sobre los sueldos de los trabajadores, acerca de lo que desliz\u00f3 que \u201cestar\u00edan depositando ma\u00f1ana (martes), como todos los meses, para cobrar a las 0 horas del mi\u00e9rcoles 1\u00ba de noviembre\u201d.<\/p>\n<p>Asimismo, se refiri\u00f3 a las paritarias abiertas en el contexto de la inflaci\u00f3n econ\u00f3mica. \u201cLas paritarias eran trimestrales pero se adelantaron de manera bimestral, las anteriores fueron septiembre-octubre con lo cual en noviembre debemos tener una charla para en principio sumar los porcentajes de lo que fue la inflaci\u00f3n: en septiembre algo m\u00e1s del 12% y hay que esperar la de octubre, que a mitad de mes deber\u00eda estar\u201d, estim\u00f3 D\u00edaz.<\/p>\n<p>En cuanto al 8 de noviembre D\u00eda del Empleado Municipal, que este a\u00f1o cae mi\u00e9rcoles, el secretario Adjunto del STM confirm\u00f3 que \u201cal igual que todos los a\u00f1os se solicit\u00f3 al municipio que se corra el asueto para el lunes 13 de noviembre para que los compa\u00f1eros puedan disfrutar de un fin de semana largo\u201d, ampliando que \u201cestamos a la espera de la contestaci\u00f3n, pero no hemos tenido nunca la negativa del Ejecutivo en ese sentido\u201d.<\/p>\n","protected":false},"excerpt":{"rendered":"<p>As\u00ed lo confirm\u00f3 el secretario Adjunto del Sindicato de Trabajadores Municipales, Gast\u00f3n D\u00edaz, durante una breve nota telef\u00f3nica realizada por el periodista Jorge G\u00f3mez en \u201cVoces de la Ciudad\u201d. En principio, D\u00edaz fue consultado sobre los sueldos de los trabajadores, acerca de lo que desliz\u00f3 que \u201cestar\u00edan depositando ma\u00f1ana (martes), como todos los meses, para [&hellip;]<\/p>\n","protected":false},"author":3,"featured_media":102056,"comment_status":"open","ping_status":"open","sticky":false,"template":"","format":"standard","meta":{"footnotes":""},"categories":[3],"tags":[],"class_list":["post-104383","post","type-post","status-publish","format-standard","has-post-thumbnail","category-masnoticias"],"_links":{"self":[{"href":"https:\/\/primicias2262.com\/noticias\/wp-json\/wp\/v2\/posts\/104383","targetHints":{"allow":["GET"]}}],"collection":[{"href":"https:\/\/primicias2262.com\/noticias\/wp-json\/wp\/v2\/posts"}],"about":[{"href":"https:\/\/primicias2262.com\/noticias\/wp-json\/wp\/v2\/types\/post"}],"author":[{"embeddable":true,"href":"https:\/\/primicias2262.com\/noticias\/wp-json\/wp\/v2\/users\/3"}],"replies":[{"embeddable":true,"href":"https:\/\/primicias2262.com\/noticias\/wp-json\/wp\/v2\/comments?post=104383"}],"version-history":[{"count":1,"href":"https:\/\/primicias2262.com\/noticias\/wp-json\/wp\/v2\/posts\/104383\/revisions"}],"predecessor-version":[{"id":104384,"href":"https:\/\/primicias2262.com\/noticias\/wp-json\/wp\/v2\/posts\/104383\/revisions\/104384"}],"wp:featuredmedia":[{"embeddable":true,"href":"https:\/\/primicias2262.com\/noticias\/wp-json\/wp\/v2\/media\/102056"}],"wp:attachment":[{"href":"https:\/\/primicias2262.com\/noticias\/wp-json\/wp\/v2\/media?parent=104383"}],"wp:term":[{"taxonomy":"category","embeddable":true,"href":"https:\/\/primicias2262.com\/noticias\/wp-json\/wp\/v2\/categories?post=104383"},{"taxonomy":"post_tag","embeddable":true,"href":"https:\/\/primicias2262.com\/noticias\/wp-json\/wp\/v2\/tags?post=104383"}],"curies":[{"name":"wp","href":"https:\/\/api.w.org\/{rel}","templated":true}]}}