{"id":104385,"date":"2023-10-30T17:07:51","date_gmt":"2023-10-30T17:07:51","guid":{"rendered":"https:\/\/primicias2262.com\/noticias\/?p=104385"},"modified":"2023-11-01T14:13:41","modified_gmt":"2023-11-01T14:13:41","slug":"se-viene-la-expo-rural-es-exitoso-y-auspicioso-que-el-poder-publico-y-el-privado-trabajen-juntos","status":"publish","type":"post","link":"https:\/\/primicias2262.com\/noticias\/se-viene-la-expo-rural-es-exitoso-y-auspicioso-que-el-poder-publico-y-el-privado-trabajen-juntos\/","title":{"rendered":"Se viene la Expo Rural: \u201cEs exitoso y auspicioso que el poder p\u00fablico y el privado trabajen juntos\u201d"},"content":{"rendered":"<p><strong>As\u00ed lo valor\u00f3 uno de los organizadores de la tradicional exposici\u00f3n, Patricio Bosch, quien visit\u00f3 los estudios de \u201cVoces de la Ciudad\u201d junto a Alfredo Farisano, con quien destacaron el apoyo del Estado municipal para esta nueva edici\u00f3n que se realizar\u00e1 en la Sociedad Rural durante el s\u00e1bado 4 y domingo 5 de noviembre.<\/strong><\/p>\n<p>Durante la nota realizada por el periodista Jorge G\u00f3mez, los organizadores destacaron que la Expo Rural es con entrada libre y gratuita, arranca el venidero s\u00e1bado a las 9 de la ma\u00f1ana en 106 y 59, predio de la Sociedad Rural de Necochea. \u201cSi bien la inauguraci\u00f3n oficial es al mediod\u00eda con las autoridades, a partir de las 9 ya la tranquera est\u00e1 abierta al p\u00fablico, as\u00ed que esperamos a la gente\u201d, se\u00f1alaron.<\/p>\n<p>Durante el evento contar\u00e1n con la compa\u00f1\u00eda de autoridades de CARBAP (Confederaci\u00f3n de Asociaciones Rurales de Buenos Aires y La Pampa) y en la jornada del s\u00e1bado habr\u00e1 un remate, stands con las empresas del campo, microemprendedores y puestos de comida tradicionales, sandwichs de chorizo y vac\u00edo. \u201cSer\u00e1 un d\u00eda de fiesta\u201d, anticip\u00f3 Farisano, quien hizo extensivo su agradecimiento \u201c al intendente Arturo Rojas y al subsecretario Alejandro Silva, ya que la Municipalidad dejar\u00e1 el predio en impecables condiciones. Lo cierto es que combinar el p\u00fablico y privado tiene esa ventaja\u201d.<\/p>\n<p><a href=\"https:\/\/primicias2262.com\/noticias\/wp-content\/uploads\/2023\/10\/farizano.jpeg\"><img loading=\"lazy\" decoding=\"async\" class=\"aligncenter size-full wp-image-104387\" src=\"https:\/\/primicias2262.com\/noticias\/wp-content\/uploads\/2023\/10\/farizano.jpeg\" alt=\"\" width=\"1024\" height=\"768\" srcset=\"https:\/\/primicias2262.com\/noticias\/wp-content\/uploads\/2023\/10\/farizano.jpeg 1024w, https:\/\/primicias2262.com\/noticias\/wp-content\/uploads\/2023\/10\/farizano-300x225.jpeg 300w, https:\/\/primicias2262.com\/noticias\/wp-content\/uploads\/2023\/10\/farizano-768x576.jpeg 768w, https:\/\/primicias2262.com\/noticias\/wp-content\/uploads\/2023\/10\/farizano-150x113.jpeg 150w, https:\/\/primicias2262.com\/noticias\/wp-content\/uploads\/2023\/10\/farizano-696x522.jpeg 696w\" sizes=\"auto, (max-width: 1024px) 100vw, 1024px\" \/><\/a>En ese sentido tambi\u00e9n se explay\u00f3 Bosch, al manifestar que \u201ces exitoso y auspicioso que el poder p\u00fablico y el privado trabajen juntos para adelante, buscando la mejor forma donde cada uno aporta lo que puede y que los costos no sean tan altos para que sea una fiesta de toda la ciudad\u201d.<\/p>\n<p>En cuanto a la jornada del domingo, los organizadores adelantaron que comenzar\u00e1 a las 9 y se extender\u00e1 hasta las 16 con el desarrollo de espect\u00e1culos art\u00edsticos, entre ellos el grupo Alma Pacha y Lat\u00edn D\u00fao, con m\u00fasica y humor\u201d.<\/p>\n<p><a href=\"https:\/\/primicias2262.com\/noticias\/wp-content\/uploads\/2023\/10\/WhatsApp-Image-2023-10-30-at-1.51.31-PM.jpeg\"><img loading=\"lazy\" decoding=\"async\" class=\"aligncenter size-full wp-image-104388\" src=\"https:\/\/primicias2262.com\/noticias\/wp-content\/uploads\/2023\/10\/WhatsApp-Image-2023-10-30-at-1.51.31-PM.jpeg\" alt=\"\" width=\"594\" height=\"1024\" srcset=\"https:\/\/primicias2262.com\/noticias\/wp-content\/uploads\/2023\/10\/WhatsApp-Image-2023-10-30-at-1.51.31-PM.jpeg 594w, https:\/\/primicias2262.com\/noticias\/wp-content\/uploads\/2023\/10\/WhatsApp-Image-2023-10-30-at-1.51.31-PM-174x300.jpeg 174w, https:\/\/primicias2262.com\/noticias\/wp-content\/uploads\/2023\/10\/WhatsApp-Image-2023-10-30-at-1.51.31-PM-150x259.jpeg 150w, https:\/\/primicias2262.com\/noticias\/wp-content\/uploads\/2023\/10\/WhatsApp-Image-2023-10-30-at-1.51.31-PM-300x517.jpeg 300w\" sizes=\"auto, (max-width: 594px) 100vw, 594px\" \/><\/a><\/p>\n","protected":false},"excerpt":{"rendered":"<p>As\u00ed lo valor\u00f3 uno de los organizadores de la tradicional exposici\u00f3n, Patricio Bosch, quien visit\u00f3 los estudios de \u201cVoces de la Ciudad\u201d junto a Alfredo Farisano, con quien destacaron el apoyo del Estado municipal para esta nueva edici\u00f3n que se realizar\u00e1 en la Sociedad Rural durante el s\u00e1bado 4 y domingo 5 de noviembre. Durante [&hellip;]<\/p>\n","protected":false},"author":3,"featured_media":104386,"comment_status":"open","ping_status":"open","sticky":false,"template":"","format":"standard","meta":{"footnotes":""},"categories":[3],"tags":[],"class_list":["post-104385","post","type-post","status-publish","format-standard","has-post-thumbnail","category-masnoticias"],"_links":{"self":[{"href":"https:\/\/primicias2262.com\/noticias\/wp-json\/wp\/v2\/posts\/104385","targetHints":{"allow":["GET"]}}],"collection":[{"href":"https:\/\/primicias2262.com\/noticias\/wp-json\/wp\/v2\/posts"}],"about":[{"href":"https:\/\/primicias2262.com\/noticias\/wp-json\/wp\/v2\/types\/post"}],"author":[{"embeddable":true,"href":"https:\/\/primicias2262.com\/noticias\/wp-json\/wp\/v2\/users\/3"}],"replies":[{"embeddable":true,"href":"https:\/\/primicias2262.com\/noticias\/wp-json\/wp\/v2\/comments?post=104385"}],"version-history":[{"count":4,"href":"https:\/\/primicias2262.com\/noticias\/wp-json\/wp\/v2\/posts\/104385\/revisions"}],"predecessor-version":[{"id":104406,"href":"https:\/\/primicias2262.com\/noticias\/wp-json\/wp\/v2\/posts\/104385\/revisions\/104406"}],"wp:featuredmedia":[{"embeddable":true,"href":"https:\/\/primicias2262.com\/noticias\/wp-json\/wp\/v2\/media\/104386"}],"wp:attachment":[{"href":"https:\/\/primicias2262.com\/noticias\/wp-json\/wp\/v2\/media?parent=104385"}],"wp:term":[{"taxonomy":"category","embeddable":true,"href":"https:\/\/primicias2262.com\/noticias\/wp-json\/wp\/v2\/categories?post=104385"},{"taxonomy":"post_tag","embeddable":true,"href":"https:\/\/primicias2262.com\/noticias\/wp-json\/wp\/v2\/tags?post=104385"}],"curies":[{"name":"wp","href":"https:\/\/api.w.org\/{rel}","templated":true}]}}