{"id":104392,"date":"2023-10-31T18:37:47","date_gmt":"2023-10-31T18:37:47","guid":{"rendered":"https:\/\/primicias2262.com\/noticias\/?p=104392"},"modified":"2023-11-01T14:42:32","modified_gmt":"2023-11-01T14:42:32","slug":"un-modelo-tiene-que-ver-con-defender-la-patria-y-el-otro-con-quitarle-derechos-a-los-argentinos","status":"publish","type":"post","link":"https:\/\/primicias2262.com\/noticias\/un-modelo-tiene-que-ver-con-defender-la-patria-y-el-otro-con-quitarle-derechos-a-los-argentinos\/","title":{"rendered":"\u201cUn modelo tiene que ver con defender la Patria y el otro con quitarle derechos a los argentinos\u201d"},"content":{"rendered":"<p><strong>As\u00ed lo afirm\u00f3 el presidente del interbloque del Frente de todos e integrante del Frente Renovador, Mauro Vel\u00e1zquez, a la hora de argumentar las diferencias entre su referente Sergio Massa y Javier Milei de cara a la puja presidencial del 19 de noviembre.<\/strong><\/p>\n<p>El balotaje se acerca y en \u201cVoces de la Ciudad\u201d, quien fuera candidato a intendente dialog\u00f3 con el periodista Jorge G\u00f3mez, donde expres\u00f3 inicialmente que \u201ctenemos la grata sorpresa de que se vayan sumando vecinos a la convocatoria realizada, muchos de los cuales nos han expresado que hace mucho que no militan, incluso desde la \u00e9poca de Domingo Taraborelli, y la realidad es que quieren participar porque entienden que la democracia est\u00e1 en peligro por los dichos y hechos de Javier Milei y su equipo\u201d.<\/p>\n<p>En ese marco diferenci\u00f3 que \u201chay dos modelos totalmente antag\u00f3nicos, uno tiene que ver con la racionalidad y con defender la patria como propone Sergio Massa, con un gobierno de unidad nacional donde los mejores de cada espacio pol\u00edtico van a integrar el gobierno; y del otro lado est\u00e1 el rejunte que tiene que ver con quitarle derechos a los argentinos, meterse con la educaci\u00f3n p\u00fablica, gratuita y de calidad, y dem\u00e1s\u201d.<\/p>\n<p>Vel\u00e1zquez acot\u00f3 que \u201cMilei nunca tuvo un plan ni proyecto, todo tiene que ver con slogans y eligi\u00f3 al peor vocero, porque elegir a Mauricio Macri para ver c\u00f3mo tiene que hacer la campa\u00f1a es trist\u00edsimo\u201d, ampliando que \u201csi Milei gana va a gobernar Macri\u2026 en todo momento Macri jug\u00f3 a dos fichas, con Bullrich y Milei, Bulrrich qued\u00f3 en el camino y ahora juega con Milei por supervivencia o por los negocios, ya que van por privatizar nuevamente\u201d.<\/p>\n<p>Insisti\u00f3 en el concepto que \u201cson dos modelos diferentes, pero a los argentinos no hay que subestimarlos\u201d, asegurando que \u201csucedi\u00f3 lo que sucedi\u00f3 en las \u00faltimas elecciones porque pudieron ver bien detalladamente a qui\u00e9n hay que votar. La gente es sabia y es clara la premisa de Sergio Massa, de trabajar en un gobierno de unidad nacional con todos los sectores como el radicalismo y vecinalistas, no solamente con el peronismo, y hay que trabajar sobre eso\u201d.<\/p>\n<p>Finalmente, se le pregunt\u00f3 si Massa es lo mismo que Cristina Kirchner, a lo que dej\u00f3 entrever que no, argumentando que \u201cSergio es uno de los dirigentes pol\u00edticos m\u00e1s formados, con mucha experiencia y tiene una gran virtud: el di\u00e1logo, que hoy ante tantas crisis mundiales que pueda dialogar con todos los sectores es fundamental, y tampoco le tiembla el pulso\u201d.<\/p>\n","protected":false},"excerpt":{"rendered":"<p>As\u00ed lo afirm\u00f3 el presidente del interbloque del Frente de todos e integrante del Frente Renovador, Mauro Vel\u00e1zquez, a la hora de argumentar las diferencias entre su referente Sergio Massa y Javier Milei de cara a la puja presidencial del 19 de noviembre. El balotaje se acerca y en \u201cVoces de la Ciudad\u201d, quien fuera [&hellip;]<\/p>\n","protected":false},"author":3,"featured_media":102501,"comment_status":"open","ping_status":"open","sticky":false,"template":"","format":"standard","meta":{"footnotes":""},"categories":[3],"tags":[],"class_list":["post-104392","post","type-post","status-publish","format-standard","has-post-thumbnail","category-masnoticias"],"_links":{"self":[{"href":"https:\/\/primicias2262.com\/noticias\/wp-json\/wp\/v2\/posts\/104392","targetHints":{"allow":["GET"]}}],"collection":[{"href":"https:\/\/primicias2262.com\/noticias\/wp-json\/wp\/v2\/posts"}],"about":[{"href":"https:\/\/primicias2262.com\/noticias\/wp-json\/wp\/v2\/types\/post"}],"author":[{"embeddable":true,"href":"https:\/\/primicias2262.com\/noticias\/wp-json\/wp\/v2\/users\/3"}],"replies":[{"embeddable":true,"href":"https:\/\/primicias2262.com\/noticias\/wp-json\/wp\/v2\/comments?post=104392"}],"version-history":[{"count":1,"href":"https:\/\/primicias2262.com\/noticias\/wp-json\/wp\/v2\/posts\/104392\/revisions"}],"predecessor-version":[{"id":104393,"href":"https:\/\/primicias2262.com\/noticias\/wp-json\/wp\/v2\/posts\/104392\/revisions\/104393"}],"wp:featuredmedia":[{"embeddable":true,"href":"https:\/\/primicias2262.com\/noticias\/wp-json\/wp\/v2\/media\/102501"}],"wp:attachment":[{"href":"https:\/\/primicias2262.com\/noticias\/wp-json\/wp\/v2\/media?parent=104392"}],"wp:term":[{"taxonomy":"category","embeddable":true,"href":"https:\/\/primicias2262.com\/noticias\/wp-json\/wp\/v2\/categories?post=104392"},{"taxonomy":"post_tag","embeddable":true,"href":"https:\/\/primicias2262.com\/noticias\/wp-json\/wp\/v2\/tags?post=104392"}],"curies":[{"name":"wp","href":"https:\/\/api.w.org\/{rel}","templated":true}]}}