{"id":104395,"date":"2023-10-31T18:42:43","date_gmt":"2023-10-31T18:42:43","guid":{"rendered":"https:\/\/primicias2262.com\/noticias\/?p=104395"},"modified":"2023-11-01T14:39:39","modified_gmt":"2023-11-01T14:39:39","slug":"juventud-y-el-banco-macro-articulan-para-brindar-talleres-gratuitos-de-educacion-financiera","status":"publish","type":"post","link":"https:\/\/primicias2262.com\/noticias\/juventud-y-el-banco-macro-articulan-para-brindar-talleres-gratuitos-de-educacion-financiera\/","title":{"rendered":"Juventud y el Banco Macro articulan para brindar talleres gratuitos de educaci\u00f3n financiera"},"content":{"rendered":"<p><strong>Se destinar\u00e1 la jornada del jueves 9 de noviembre en la sede del Colegio de Abogados para brindar dos cursos con cupos limitados, uno matutino y otro vespertino, vinculado al programa \u201cCuentas Sanas\u201d.<\/strong><\/p>\n<p>Como resultado del trabajo articulado entre la Subdirecci\u00f3n de Juventud municipal, a cargo de Valeria Garrido, en conjunto con el Banco Macro sucursal Necochea, se realizar\u00e1n dos talleres gratuitos sobre educaci\u00f3n financiera el jueves 9 de noviembre en el Colegio de Abogados, en calle 62 N\u00ba 2710. La iniciativa apunta principalmente a estudiantes terciarios y universitarios y los cupos de inscripci\u00f3n son limitados.<\/p>\n<p>Recalcando el trabajo en conjunto con la entidad financiera, la subdirectora Valeria Garrido, apunt\u00f3 que la jornada constar\u00e1 de dos talleres en el Colegio de Abogados, uno en horario matutino, de 9.30 a 12, y otro vespertino de 17.30 a 20. Ambos se enmarcan en el programa del Banco Macro \u201cCuentas Sanas\u201d, denomin\u00e1ndose el matutino \u201cCuentas sanas para tu futuro\u201d y el vespertino \u201cCuentas sanas sin esfuerzo\u201d.<\/p>\n<p>\u201cEl programa \u201cCuenta Sanas\u201d tiene una diversidad de talleres y nosotros pudimos acordar cu\u00e1l era el que m\u00e1s se asemejaba a las necesidades que tenemos y lo que queremos brindar\u201d, manifest\u00f3 Garrido, se\u00f1alando a su vez que estar\u00e1 orientado a j\u00f3venes de nivel terciario y universitario, aunque adultos que quieran acercarse a participar pueden hacerlo\u201d.<\/p>\n<p>\u201cSon talleres gratuitos que permitir\u00e1n a nuestros j\u00f3venes tener conocimientos y habilidades para manejarse financieramente y aprender a gestionar sus necesidades, sus cuentas y gastos en un contexto donde la econom\u00eda fluct\u00faa permanentemente\u201d, argument\u00f3 la funcionaria que depende de la Secretar\u00eda de Turismo Y desarrollo Productivo, se\u00f1alando que los interesados pueden inscribirse en el Instagram @juventud_necochea: \u201cEn el perfil se pueden inscribir mediante un formulario para ver en cu\u00e1l de los dos \u00a0talleres quieren participar, ambos son con cupo limitado y los capacitadores vendr\u00e1n de Buenos Aires\u201d.<\/p>\n<p>Por su parte, el gerente de la sucursal\u00a0 Necochea del Banco Macro, Mart\u00edn Sassot, celebr\u00f3 que \u201ccomo banco somos una empresa de servicios que trata de llevar todos los servicios que tenemos disponibles para personas y empresas, y \u201cCuentas Sanas\u201d es una repuesta por medio de la Fundaci\u00f3n del Banco Macro con el inter\u00e9s de llevar la educaci\u00f3n financiera a trav\u00e9s de estos talleres y lograr la integraci\u00f3n financiera de cualquier persona de toda edad, convencidos de que el crecimiento econ\u00f3mico parte de la educaci\u00f3n financiera\u201d.<\/p>\n<figure class=\"wp-block-gallery has-nested-images columns-default is-cropped wp-block-gallery-1 is-layout-flex wp-block-gallery-is-layout-flex\">\n<figure class=\"wp-block-image size-large\"><img loading=\"lazy\" decoding=\"async\" class=\"wp-image-82013\" src=\"https:\/\/necochea.gov.ar\/wp-content\/uploads\/2023\/10\/31-10-FOTO-Valeria-Garrido.jpeg\" alt=\"\" width=\"1600\" height=\"1066\" data-id=\"82013\" \/><figcaption class=\"wp-element-caption\">Valeria Garrido<\/figcaption><\/figure>\n<figure class=\"wp-block-image size-large\"><img loading=\"lazy\" decoding=\"async\" class=\"wp-image-82012\" src=\"https:\/\/necochea.gov.ar\/wp-content\/uploads\/2023\/10\/31-10-FOTO-Martin-Sassot.jpeg\" alt=\"\" width=\"1600\" height=\"1066\" data-id=\"82012\" \/><figcaption class=\"wp-element-caption\">Mart\u00edn Sassot<\/figcaption><\/figure>\n<\/figure>\n<p>Para m\u00e1s detalles, aclar\u00f3 el gerente que \u201cel programa en s\u00ed est\u00e1 disponible a trav\u00e9s de estos talleres que proponemos en cada localidad, y dentro de la web <a href=\"http:\/\/www.cuentassanas.com.ar\"><strong>www.cuentassanas.com.ar<\/strong><\/a> \u00a0para cualquier rango de nuestras vidas de cualquier persona y emprendimiento que se quiera proyectar, con elementos y herramientas, y sobre todo ideas que se bajan a un llano para entender, por lo que es muy simple\u201d.<\/p>\n","protected":false},"excerpt":{"rendered":"<p>Se destinar\u00e1 la jornada del jueves 9 de noviembre en la sede del Colegio de Abogados para brindar dos cursos con cupos limitados, uno matutino y otro vespertino, vinculado al programa \u201cCuentas Sanas\u201d. Como resultado del trabajo articulado entre la Subdirecci\u00f3n de Juventud municipal, a cargo de Valeria Garrido, en conjunto con el Banco Macro [&hellip;]<\/p>\n","protected":false},"author":3,"featured_media":104396,"comment_status":"open","ping_status":"open","sticky":false,"template":"","format":"standard","meta":{"footnotes":""},"categories":[3],"tags":[],"class_list":["post-104395","post","type-post","status-publish","format-standard","has-post-thumbnail","category-masnoticias"],"_links":{"self":[{"href":"https:\/\/primicias2262.com\/noticias\/wp-json\/wp\/v2\/posts\/104395","targetHints":{"allow":["GET"]}}],"collection":[{"href":"https:\/\/primicias2262.com\/noticias\/wp-json\/wp\/v2\/posts"}],"about":[{"href":"https:\/\/primicias2262.com\/noticias\/wp-json\/wp\/v2\/types\/post"}],"author":[{"embeddable":true,"href":"https:\/\/primicias2262.com\/noticias\/wp-json\/wp\/v2\/users\/3"}],"replies":[{"embeddable":true,"href":"https:\/\/primicias2262.com\/noticias\/wp-json\/wp\/v2\/comments?post=104395"}],"version-history":[{"count":2,"href":"https:\/\/primicias2262.com\/noticias\/wp-json\/wp\/v2\/posts\/104395\/revisions"}],"predecessor-version":[{"id":104412,"href":"https:\/\/primicias2262.com\/noticias\/wp-json\/wp\/v2\/posts\/104395\/revisions\/104412"}],"wp:featuredmedia":[{"embeddable":true,"href":"https:\/\/primicias2262.com\/noticias\/wp-json\/wp\/v2\/media\/104396"}],"wp:attachment":[{"href":"https:\/\/primicias2262.com\/noticias\/wp-json\/wp\/v2\/media?parent=104395"}],"wp:term":[{"taxonomy":"category","embeddable":true,"href":"https:\/\/primicias2262.com\/noticias\/wp-json\/wp\/v2\/categories?post=104395"},{"taxonomy":"post_tag","embeddable":true,"href":"https:\/\/primicias2262.com\/noticias\/wp-json\/wp\/v2\/tags?post=104395"}],"curies":[{"name":"wp","href":"https:\/\/api.w.org\/{rel}","templated":true}]}}