{"id":104400,"date":"2023-10-31T18:54:21","date_gmt":"2023-10-31T18:54:21","guid":{"rendered":"https:\/\/primicias2262.com\/noticias\/?p=104400"},"modified":"2023-11-01T16:09:39","modified_gmt":"2023-11-01T16:09:39","slug":"el-domingo-26-de-noviembre-sera-la-tradicional-fiesta-del-paseo-de-la-ribera","status":"publish","type":"post","link":"https:\/\/primicias2262.com\/noticias\/el-domingo-26-de-noviembre-sera-la-tradicional-fiesta-del-paseo-de-la-ribera\/","title":{"rendered":"El domingo 26 de noviembre ser\u00e1 la tradicional fiesta del Paseo de la Ribera"},"content":{"rendered":"<p><strong>As\u00ed lo confirm\u00f3 el titular de la asociaci\u00f3n, Dr. Ariel Gonz\u00e1lez, durante su visita a los estudios de \u201cVoces de la Ciudad\u201d y nota con el periodista Jorge G\u00f3mez. Habr\u00e1 gastronom\u00eda, bandas en vivo, paseo de kayak, cientos de sorteos y dem\u00e1s.<\/strong><\/p>\n<p>Se anuncia para el domingo 26 de noviembre, desde las 11 de la ma\u00f1ana, la tradicional Fiesta del Paseo de la Ribera, acerca de lo cual el Dr. Gonz\u00e1lez adelant\u00f3 que \u201ctenemos muchas ganas de estar en contacto con tanta gente que viene y nos expresa qu\u00e9 lindo est\u00e1 el lugar para disfrutarlo, as\u00ed que les abrimos las puertas a todos juntos\u201d.<\/p>\n<p>Durante esa jornada festiva se prev\u00e9 que haya muchas propuestas gastron\u00f3micas, carpa dulce, bailes, bandas en vivo, paseos en kayak \u201cy estamos viendo la posibilidad de poder hacer alg\u00fan concurso de pesca\u201d, acot\u00f3 Gonz\u00e1lez, para subrayar que \u201ctenemos regalos que nos han hecho desde el a\u00f1o anterior para realizar m\u00e1s de 100 sorteos\u201d.<\/p>\n<p>Asimismo, destac\u00f3 el trabajo articulado con el Estado Municipal al se\u00f1alar que \u201cconvocamos a la gente de Turismo para que haga una buena movida, y tambi\u00e9n a la gente de Cultura que colaborar\u00e1 con nosotros, as\u00ed que estamos muy contentos\u201d, sin soslayar que para mantener el camino ribere\u00f1o de algo m\u00e1s de cuatro kil\u00f3metros \u201ctenemos el regador reparado y manejado por la gente de la Municipalidad\u201d.<\/p>\n<p><a href=\"https:\/\/primicias2262.com\/noticias\/wp-content\/uploads\/2023\/10\/dr-ariel-gonzalez.jpg\"><img loading=\"lazy\" decoding=\"async\" class=\"aligncenter size-full wp-image-104401\" src=\"https:\/\/primicias2262.com\/noticias\/wp-content\/uploads\/2023\/10\/dr-ariel-gonzalez.jpg\" alt=\"\" width=\"480\" height=\"360\" srcset=\"https:\/\/primicias2262.com\/noticias\/wp-content\/uploads\/2023\/10\/dr-ariel-gonzalez.jpg 480w, https:\/\/primicias2262.com\/noticias\/wp-content\/uploads\/2023\/10\/dr-ariel-gonzalez-300x225.jpg 300w, https:\/\/primicias2262.com\/noticias\/wp-content\/uploads\/2023\/10\/dr-ariel-gonzalez-150x113.jpg 150w\" sizes=\"auto, (max-width: 480px) 100vw, 480px\" \/><\/a>Finalmente, el Dr. Gonz\u00e1lez manifest\u00f3 alegre que \u201cel Paseo de la Ribera hoy es absolutamente concurrido, cuando sac\u00e1s la foto mental, hace siete u ocho a\u00f1os no hab\u00eda nadie y ahora est\u00e1 lleno de gente corriendo, caminando o en bicicleta, pescando o tomando mate, y eso habla de que se urbaniz\u00f3 y la gente hizo propio al lugar\u201d.<\/p>\n","protected":false},"excerpt":{"rendered":"<p>As\u00ed lo confirm\u00f3 el titular de la asociaci\u00f3n, Dr. Ariel Gonz\u00e1lez, durante su visita a los estudios de \u201cVoces de la Ciudad\u201d y nota con el periodista Jorge G\u00f3mez. Habr\u00e1 gastronom\u00eda, bandas en vivo, paseo de kayak, cientos de sorteos y dem\u00e1s. Se anuncia para el domingo 26 de noviembre, desde las 11 de la [&hellip;]<\/p>\n","protected":false},"author":3,"featured_media":104402,"comment_status":"open","ping_status":"open","sticky":false,"template":"","format":"standard","meta":{"footnotes":""},"categories":[3],"tags":[],"class_list":["post-104400","post","type-post","status-publish","format-standard","has-post-thumbnail","category-masnoticias"],"_links":{"self":[{"href":"https:\/\/primicias2262.com\/noticias\/wp-json\/wp\/v2\/posts\/104400","targetHints":{"allow":["GET"]}}],"collection":[{"href":"https:\/\/primicias2262.com\/noticias\/wp-json\/wp\/v2\/posts"}],"about":[{"href":"https:\/\/primicias2262.com\/noticias\/wp-json\/wp\/v2\/types\/post"}],"author":[{"embeddable":true,"href":"https:\/\/primicias2262.com\/noticias\/wp-json\/wp\/v2\/users\/3"}],"replies":[{"embeddable":true,"href":"https:\/\/primicias2262.com\/noticias\/wp-json\/wp\/v2\/comments?post=104400"}],"version-history":[{"count":2,"href":"https:\/\/primicias2262.com\/noticias\/wp-json\/wp\/v2\/posts\/104400\/revisions"}],"predecessor-version":[{"id":104425,"href":"https:\/\/primicias2262.com\/noticias\/wp-json\/wp\/v2\/posts\/104400\/revisions\/104425"}],"wp:featuredmedia":[{"embeddable":true,"href":"https:\/\/primicias2262.com\/noticias\/wp-json\/wp\/v2\/media\/104402"}],"wp:attachment":[{"href":"https:\/\/primicias2262.com\/noticias\/wp-json\/wp\/v2\/media?parent=104400"}],"wp:term":[{"taxonomy":"category","embeddable":true,"href":"https:\/\/primicias2262.com\/noticias\/wp-json\/wp\/v2\/categories?post=104400"},{"taxonomy":"post_tag","embeddable":true,"href":"https:\/\/primicias2262.com\/noticias\/wp-json\/wp\/v2\/tags?post=104400"}],"curies":[{"name":"wp","href":"https:\/\/api.w.org\/{rel}","templated":true}]}}