{"id":104410,"date":"2023-11-01T14:39:23","date_gmt":"2023-11-01T14:39:23","guid":{"rendered":"https:\/\/primicias2262.com\/noticias\/?p=104410"},"modified":"2023-11-02T15:50:07","modified_gmt":"2023-11-02T15:50:07","slug":"sanchez-valoro-el-trabajo-en-conjunto-de-todos-los-bloques-en-torno-a-la-ordenanza-fiscal-impositiva","status":"publish","type":"post","link":"https:\/\/primicias2262.com\/noticias\/sanchez-valoro-el-trabajo-en-conjunto-de-todos-los-bloques-en-torno-a-la-ordenanza-fiscal-impositiva\/","title":{"rendered":"S\u00e1nchez valor\u00f3 el trabajo en conjunto de todos los bloques en torno a la Ordenanza Fiscal Impositiva"},"content":{"rendered":"<p><strong>El presidente del Honorable Concejo Deliberante lo expres\u00f3 mediante nota telef\u00f3nica en \u201cVoces de la Ciudad\u201d, realizada por el periodista Jorge G\u00f3mez.<\/strong><\/p>\n<p>\u201cTodos los bloques del Concejo est\u00e1n de acuerdo en cuanto al aumento y no ha habido discusiones en cuanto a los montos, as\u00ed que hay que resaltar que todos los bloques est\u00e1n trabajando de manera conjunta y se est\u00e1n haciendo cargo de responder a lo que pasa en la econom\u00eda de nuestro pa\u00eds. El trabajo de todos los bloques es conjunto y tomaremos una decisi\u00f3n en torno a esto\u201d.<\/p>\n<p>As\u00ed lo valor\u00f3 el electo edil de Nueva Necochea, en referencia a la sesi\u00f3n ordinaria de este jueves 2 de noviembre. \u201cA partir de las 9 vamos a tener la primera sesi\u00f3n ordinaria de noviembre y puede llegar a ser la ante\u00faltima del a\u00f1o, vamos a tratar la Ordenanza Fiscal Impositiva y con bastante trabajo que venimos teniendo en las diferentes comisiones\u201d, anticip\u00f3.<\/p>\n<p>El abogado manifest\u00f3 respecto a dicha ordenanza que establece el valor de las tasas municipales para el a\u00f1o venidero que \u201ctuvimos reuni\u00f3n en comisi\u00f3n con los funcionarios que explicaron claramente, como suelen hacerlo, cada una de las cuestiones vinculadas a la OFI, y tendremos nuevas comisiones por estas horas, todos los bloques est\u00e1n trabajando mucho y opinando en torno a la ordenanza, y vamos a llegar a despacharla para darle tratamiento este jueves\u201d.<\/p>\n<p>Vale recordar que para el ejercicio 2024 se prev\u00e9 un aumento del 140% de las tasas, aunque al mismo tiempo se plantea un escenario de 185% de inflaci\u00f3n. En relaci\u00f3n a ello, S\u00e1nchez explic\u00f3 que \u201cel funcionamiento de las tasas urbanas lo fijamos ahora y empiezan a regir en enero, no hay recobro a mitad de a\u00f1o y el mismo aumento que vamos a tener en enero corre hasta diciembre de 2024, lo cual significa que para que la Municipalidad funcione, nosotros tenemos que evaluar la inflaci\u00f3n programada para el a\u00f1o que viene y vamos a estar al menos 40% debajo de la inflaci\u00f3n, lo cual es terrible\u201d.<\/p>\n","protected":false},"excerpt":{"rendered":"<p>El presidente del Honorable Concejo Deliberante lo expres\u00f3 mediante nota telef\u00f3nica en \u201cVoces de la Ciudad\u201d, realizada por el periodista Jorge G\u00f3mez. \u201cTodos los bloques del Concejo est\u00e1n de acuerdo en cuanto al aumento y no ha habido discusiones en cuanto a los montos, as\u00ed que hay que resaltar que todos los bloques est\u00e1n trabajando [&hellip;]<\/p>\n","protected":false},"author":3,"featured_media":100378,"comment_status":"open","ping_status":"open","sticky":false,"template":"","format":"standard","meta":{"footnotes":""},"categories":[3],"tags":[],"class_list":["post-104410","post","type-post","status-publish","format-standard","has-post-thumbnail","category-masnoticias"],"_links":{"self":[{"href":"https:\/\/primicias2262.com\/noticias\/wp-json\/wp\/v2\/posts\/104410","targetHints":{"allow":["GET"]}}],"collection":[{"href":"https:\/\/primicias2262.com\/noticias\/wp-json\/wp\/v2\/posts"}],"about":[{"href":"https:\/\/primicias2262.com\/noticias\/wp-json\/wp\/v2\/types\/post"}],"author":[{"embeddable":true,"href":"https:\/\/primicias2262.com\/noticias\/wp-json\/wp\/v2\/users\/3"}],"replies":[{"embeddable":true,"href":"https:\/\/primicias2262.com\/noticias\/wp-json\/wp\/v2\/comments?post=104410"}],"version-history":[{"count":2,"href":"https:\/\/primicias2262.com\/noticias\/wp-json\/wp\/v2\/posts\/104410\/revisions"}],"predecessor-version":[{"id":104443,"href":"https:\/\/primicias2262.com\/noticias\/wp-json\/wp\/v2\/posts\/104410\/revisions\/104443"}],"wp:featuredmedia":[{"embeddable":true,"href":"https:\/\/primicias2262.com\/noticias\/wp-json\/wp\/v2\/media\/100378"}],"wp:attachment":[{"href":"https:\/\/primicias2262.com\/noticias\/wp-json\/wp\/v2\/media?parent=104410"}],"wp:term":[{"taxonomy":"category","embeddable":true,"href":"https:\/\/primicias2262.com\/noticias\/wp-json\/wp\/v2\/categories?post=104410"},{"taxonomy":"post_tag","embeddable":true,"href":"https:\/\/primicias2262.com\/noticias\/wp-json\/wp\/v2\/tags?post=104410"}],"curies":[{"name":"wp","href":"https:\/\/api.w.org\/{rel}","templated":true}]}}