{"id":104435,"date":"2023-11-02T15:00:19","date_gmt":"2023-11-02T15:00:19","guid":{"rendered":"https:\/\/primicias2262.com\/noticias\/?p=104435"},"modified":"2023-11-06T14:12:41","modified_gmt":"2023-11-06T14:12:41","slug":"desde-el-miercoles-se-dispuso-la-reapertura-de-la-escollera-sur","status":"publish","type":"post","link":"https:\/\/primicias2262.com\/noticias\/desde-el-miercoles-se-dispuso-la-reapertura-de-la-escollera-sur\/","title":{"rendered":"Desde el mi\u00e9rcoles se dispuso la reapertura de la Escollera Sur"},"content":{"rendered":"<p><strong>Ver\u00f3nica Sierra, integrante de SENASA, habl\u00f3 en \u201cVoces de la Ciudad\u201d sobre la medida que se tom\u00f3 junto con el Consorcio de Gesti\u00f3n de Puerto Quequ\u00e9n y la Municipalidad de Necochea sobre la reapertura de la Escollera Sur despu\u00e9s de algunos meses de estar cerrada por la afecci\u00f3n de la gripe aviar en los lobos marinos.<\/strong><\/p>\n<p>Consultada por el periodista Jorge G\u00f3mez, Sierra afirm\u00f3 que \u201cdesde este mi\u00e9rcoles se dispuso la medida porque ya no ten\u00edamos animales con sintomatolog\u00eda desde principios de septiembre\u201d, aunque aclar\u00f3 que \u201csegu\u00edan apareciendo muchos cad\u00e1veres de lobos marinos que no hab\u00edan resistido a la enfermedad\u201d, pero \u201cdonde se termin\u00f3 de sacar todo de la escollera y se hizo toda una limpieza, en estas condiciones y sin animales sintomatol\u00f3gicos se permite la apertura vehicular y peatonal\u201d.<\/p>\n<p>No obstante, Ver\u00f3nica comunic\u00f3 que \u201cson145 los lobos muertos en Necochea y no se puede cerrar el brote en s\u00ed de la enfermedad porque los cad\u00e1veres siguen apareciendo\u2026 hasta que no pase un periodo de tiempo determinado no se puede cerrar el brote y sigue estando en vigilancia\u201d.<\/p>\n<p>De todas formas, en general se ha cortado el fallecimiento de los lobos y \u201cdesde el 7 de septiembre no se ven animales con sintomatolog\u00eda\u201d, acot\u00f3.<\/p>\n","protected":false},"excerpt":{"rendered":"<p>Ver\u00f3nica Sierra, integrante de SENASA, habl\u00f3 en \u201cVoces de la Ciudad\u201d sobre la medida que se tom\u00f3 junto con el Consorcio de Gesti\u00f3n de Puerto Quequ\u00e9n y la Municipalidad de Necochea sobre la reapertura de la Escollera Sur despu\u00e9s de algunos meses de estar cerrada por la afecci\u00f3n de la gripe aviar en los lobos [&hellip;]<\/p>\n","protected":false},"author":3,"featured_media":103026,"comment_status":"open","ping_status":"open","sticky":false,"template":"","format":"standard","meta":{"footnotes":""},"categories":[3],"tags":[],"class_list":["post-104435","post","type-post","status-publish","format-standard","has-post-thumbnail","category-masnoticias"],"_links":{"self":[{"href":"https:\/\/primicias2262.com\/noticias\/wp-json\/wp\/v2\/posts\/104435","targetHints":{"allow":["GET"]}}],"collection":[{"href":"https:\/\/primicias2262.com\/noticias\/wp-json\/wp\/v2\/posts"}],"about":[{"href":"https:\/\/primicias2262.com\/noticias\/wp-json\/wp\/v2\/types\/post"}],"author":[{"embeddable":true,"href":"https:\/\/primicias2262.com\/noticias\/wp-json\/wp\/v2\/users\/3"}],"replies":[{"embeddable":true,"href":"https:\/\/primicias2262.com\/noticias\/wp-json\/wp\/v2\/comments?post=104435"}],"version-history":[{"count":1,"href":"https:\/\/primicias2262.com\/noticias\/wp-json\/wp\/v2\/posts\/104435\/revisions"}],"predecessor-version":[{"id":104436,"href":"https:\/\/primicias2262.com\/noticias\/wp-json\/wp\/v2\/posts\/104435\/revisions\/104436"}],"wp:featuredmedia":[{"embeddable":true,"href":"https:\/\/primicias2262.com\/noticias\/wp-json\/wp\/v2\/media\/103026"}],"wp:attachment":[{"href":"https:\/\/primicias2262.com\/noticias\/wp-json\/wp\/v2\/media?parent=104435"}],"wp:term":[{"taxonomy":"category","embeddable":true,"href":"https:\/\/primicias2262.com\/noticias\/wp-json\/wp\/v2\/categories?post=104435"},{"taxonomy":"post_tag","embeddable":true,"href":"https:\/\/primicias2262.com\/noticias\/wp-json\/wp\/v2\/tags?post=104435"}],"curies":[{"name":"wp","href":"https:\/\/api.w.org\/{rel}","templated":true}]}}