{"id":104444,"date":"2023-11-02T16:49:37","date_gmt":"2023-11-02T16:49:37","guid":{"rendered":"https:\/\/primicias2262.com\/noticias\/?p=104444"},"modified":"2023-11-06T15:53:28","modified_gmt":"2023-11-06T15:53:28","slug":"me-voy-enriquecido-humanamente-de-la-profesion-ahora-quiero-ser-oyente-televidente-y-lector","status":"publish","type":"post","link":"https:\/\/primicias2262.com\/noticias\/me-voy-enriquecido-humanamente-de-la-profesion-ahora-quiero-ser-oyente-televidente-y-lector\/","title":{"rendered":"\u201cMe voy enriquecido humanamente de la profesi\u00f3n, ahora quiero ser oyente, televidente y lector\u201d"},"content":{"rendered":"<p><strong>As\u00ed lo expres\u00f3 el locutor y periodista Osmar Ciotti, quien tras cumplir 65 a\u00f1os decidi\u00f3 culminar su carrera como profesional de los medios, y se\u00f1al\u00f3 la sorpresa que se llev\u00f3 al recibir una placa en reconocimiento a su trayectoria de manos del intendente Arturo Rojas durante la imposici\u00f3n del nombre \u201cHugo Eduardo Volpi\u201d a las oficinas de Prensa de la Municipalidad.<\/strong><\/p>\n<p>Quien en su \u00e9poca m\u00e1s reciente fuera el abanderado de la emisora Radio Maestra y condujera \u201cLa ma\u00f1ana de los mares\u201d, Osmar Ciotti, visit\u00f3 los estudios de \u201cVoces de la Ciudad\u201d y en nota con el periodista Jorge G\u00f3mez revel\u00f3 antes que nada que respet\u00f3 \u201cla tradici\u00f3n de cumplir 65 a\u00f1os: justamente el d\u00eda que los cumpl\u00ed me fui a ANSES, ni un d\u00eda antes ni un d\u00eda despu\u00e9s, me fui con mi DNI y todo est\u00e1 muy encaminado para que en poco tiempo sea oficialmente jubilado\u201d.<\/p>\n<p>Sus tres hijos y su nuera residen en Espa\u00f1a, est\u00e1n consolidados y all\u00ed han echado ra\u00edces, y acerca de ello no descart\u00f3 un viaje a vivir al viejo continente. \u201cHoy tengo otras cosas en el horizonte, por ejemplo la familia. Nac\u00ed en Capital y vivimos en nuestra ni\u00f1ez con mi familia la emigraci\u00f3n hacia Necochea, y si me pregunt\u00e1s qu\u00e9 voy a hacer, por qu\u00e9 no irme con mis hijos, si ya hemos emigrado. El ser humano se mueve y es trashumante\u2026 es un tema que hay que ir procesando, nosotros ya vivimos un exilio dentro de Argentina\u201d.<\/p>\n<p><a href=\"https:\/\/primicias2262.com\/noticias\/wp-content\/uploads\/2023\/11\/marita-ciotti-gomez.jpeg\"><img loading=\"lazy\" decoding=\"async\" class=\"aligncenter size-full wp-image-104446\" src=\"https:\/\/primicias2262.com\/noticias\/wp-content\/uploads\/2023\/11\/marita-ciotti-gomez.jpeg\" alt=\"\" width=\"1024\" height=\"768\" srcset=\"https:\/\/primicias2262.com\/noticias\/wp-content\/uploads\/2023\/11\/marita-ciotti-gomez.jpeg 1024w, https:\/\/primicias2262.com\/noticias\/wp-content\/uploads\/2023\/11\/marita-ciotti-gomez-300x225.jpeg 300w, https:\/\/primicias2262.com\/noticias\/wp-content\/uploads\/2023\/11\/marita-ciotti-gomez-768x576.jpeg 768w, https:\/\/primicias2262.com\/noticias\/wp-content\/uploads\/2023\/11\/marita-ciotti-gomez-150x113.jpeg 150w, https:\/\/primicias2262.com\/noticias\/wp-content\/uploads\/2023\/11\/marita-ciotti-gomez-696x522.jpeg 696w\" sizes=\"auto, (max-width: 1024px) 100vw, 1024px\" \/><\/a>En cuanto al punto final que puso a su carrera, expres\u00f3 que \u201cahora quiero ser oyente, televidente y lector. Hasta el a\u00f1o pasado que cumpl\u00ed 64 no pensaba en esto, pero cuando volvimos del viaje de ir a visitar a nuestros hijos aterric\u00e9 que en cinco meses cumpl\u00eda los 65\u201d, y sobre el premio a los m\u00e1s de 40 a\u00f1os de trayectoria que recibi\u00f3 el 30 de octubre en la Municipalidad asegur\u00f3 aun con sorpresa que \u201cno esperaba el reconocimiento\u2026 fue muy merecido lo del flaco Hugo Volpi, pero me partieron al medio con lo m\u00edo, iba muy contento a lo de Volpi y se me fue todo al diablo\u201d.<\/p>\n<p>\u201cMe voy enriquecido del medio: soy millonario en afectos y en las personas y recuerdos que me llevo\u201d, expres\u00f3 con emoci\u00f3n Ciotti, para concluir que \u201cel flaco Volpi me dijo al o\u00eddo: \u201cOsmar ahora que ten\u00e9s tiempo libre te vas a dar cuenta todas las cosas que ten\u00e9s por hacer\u201d, y eso me movi\u00f3 el piso\u201d.<\/p>\n","protected":false},"excerpt":{"rendered":"<p>As\u00ed lo expres\u00f3 el locutor y periodista Osmar Ciotti, quien tras cumplir 65 a\u00f1os decidi\u00f3 culminar su carrera como profesional de los medios, y se\u00f1al\u00f3 la sorpresa que se llev\u00f3 al recibir una placa en reconocimiento a su trayectoria de manos del intendente Arturo Rojas durante la imposici\u00f3n del nombre \u201cHugo Eduardo Volpi\u201d a las [&hellip;]<\/p>\n","protected":false},"author":3,"featured_media":104445,"comment_status":"open","ping_status":"open","sticky":false,"template":"","format":"standard","meta":{"footnotes":""},"categories":[3],"tags":[],"class_list":["post-104444","post","type-post","status-publish","format-standard","has-post-thumbnail","category-masnoticias"],"_links":{"self":[{"href":"https:\/\/primicias2262.com\/noticias\/wp-json\/wp\/v2\/posts\/104444","targetHints":{"allow":["GET"]}}],"collection":[{"href":"https:\/\/primicias2262.com\/noticias\/wp-json\/wp\/v2\/posts"}],"about":[{"href":"https:\/\/primicias2262.com\/noticias\/wp-json\/wp\/v2\/types\/post"}],"author":[{"embeddable":true,"href":"https:\/\/primicias2262.com\/noticias\/wp-json\/wp\/v2\/users\/3"}],"replies":[{"embeddable":true,"href":"https:\/\/primicias2262.com\/noticias\/wp-json\/wp\/v2\/comments?post=104444"}],"version-history":[{"count":4,"href":"https:\/\/primicias2262.com\/noticias\/wp-json\/wp\/v2\/posts\/104444\/revisions"}],"predecessor-version":[{"id":104451,"href":"https:\/\/primicias2262.com\/noticias\/wp-json\/wp\/v2\/posts\/104444\/revisions\/104451"}],"wp:featuredmedia":[{"embeddable":true,"href":"https:\/\/primicias2262.com\/noticias\/wp-json\/wp\/v2\/media\/104445"}],"wp:attachment":[{"href":"https:\/\/primicias2262.com\/noticias\/wp-json\/wp\/v2\/media?parent=104444"}],"wp:term":[{"taxonomy":"category","embeddable":true,"href":"https:\/\/primicias2262.com\/noticias\/wp-json\/wp\/v2\/categories?post=104444"},{"taxonomy":"post_tag","embeddable":true,"href":"https:\/\/primicias2262.com\/noticias\/wp-json\/wp\/v2\/tags?post=104444"}],"curies":[{"name":"wp","href":"https:\/\/api.w.org\/{rel}","templated":true}]}}