{"id":104453,"date":"2023-11-06T14:00:46","date_gmt":"2023-11-06T14:00:46","guid":{"rendered":"https:\/\/primicias2262.com\/noticias\/?p=104453"},"modified":"2023-11-07T14:17:05","modified_gmt":"2023-11-07T14:17:05","slug":"el-pedido-y-posible-intervencion-de-la-usina-popular-cooperativa-no-afectara-al-plantel-de-trabajadores","status":"publish","type":"post","link":"https:\/\/primicias2262.com\/noticias\/el-pedido-y-posible-intervencion-de-la-usina-popular-cooperativa-no-afectara-al-plantel-de-trabajadores\/","title":{"rendered":"El pedido y posible intervenci\u00f3n de la Usina Popular Cooperativa no afectar\u00e1 al plantel de trabajadores"},"content":{"rendered":"<p><strong>Por Jorge G\u00f3mez<\/strong><\/p>\n<p>Variados rumores que calificar\u00edan de malintencionados comenzaron a circular despu\u00e9s de que se conociera la decisi\u00f3n firme por parte del gobierno provincial como as\u00ed de la Municipalidad de Necochea de intervenir la Usina Popular Cooperativa Sebasti\u00e1n de Mar\u00eda de Necochea, concesionaria del servicio el\u00e9ctrico en nuestro medio.<\/p>\n<p>C\u00e9sar Arrieta, jubilado del Sindicato de Luz y Fuerza, es el actual secretario general del consejo de administraci\u00f3n, y la realidad -afirman fuentes varias- es quien decide cotidianamente sobre los destinos de la entidad cooperativa local.<\/p>\n<p>Ser\u00eda quien estar\u00eda generando una suerte de presunto \u201cp\u00e1nico\u201d entre los trabajadores, aduciendo que podr\u00edan quedar en la calle de aplicarse aquella extrema medida.<\/p>\n<p>Fuentes provinciales y locales consultadas por el portal de Necochea Digital, como as\u00ed por otras voces que conocen del tema, indican que la posible intervenci\u00f3n de la cooperativa el\u00e9ctrica necochense no afectar\u00e1 los derechos adquiridos por los trabajadores, ni tampoco los alcances del contenido y cl\u00e1usula que hacen al convenio colectivo, ni la bolsa de trabajo del gremio de Luz y Fuerza.<\/p>\n<p>Entre los motivos para la intervenci\u00f3n se encuentran varios, muchos de ellos se\u00f1alados por el intendente municipal Arturo Rojas en varios discursos, pero los fundamentos para avanzar con esta importante medida se basan en la importante deuda que la UPC mantiene con la Compa\u00f1\u00eda Administradora del Mercado Mayorista El\u00e9ctrico (Cammesa), a quien se le compra la energ\u00eda el\u00e9ctrica que luego se vende a los asociados del servicio local la cual ascender\u00eda a m\u00e1s de\u00a0<strong>8.300.000.000 de pesos.<\/strong><\/p>\n<p><strong><u>\u00bfQu\u00e9 alcances tendr\u00eda una intervenci\u00f3n?<\/u><\/strong><\/p>\n<p>La Usina Popular Cooperativa El\u00e9ctrica Sebasti\u00e1n de Mar\u00eda de Necochea podr\u00eda enfrentar su primera intervenci\u00f3n en su historia como prestataria del servicio el\u00e9ctrico, solicitada por el propio intendente con el respaldo y aval del gobierno provincial, debido a los presuntos manejos irregulares que la instituci\u00f3n ha experimentado en los \u00faltimos a\u00f1os.<\/p>\n<p><strong>Vista esta circunstancia: \u00bfqu\u00e9 cambios conllevar\u00eda una intervenci\u00f3n de la UPC?<\/strong><\/p>\n<p>En realidad, ninguno se lo podr\u00eda considerar como negativo. La designaci\u00f3n de un interventor dar\u00eda de baja el mandato de los actuales integrantes del consejo de administraci\u00f3n, incluyendo por lo tanto a su cuerpo ejecutivo, y habilitar\u00eda la concreci\u00f3n de una auditor\u00eda externa para considerar la existencia de presuntas irregularidades en la gesti\u00f3n y manejo de los fondos de la cooperativa.<\/p>\n<p>En lo que respecta a las fuentes laborales la ley garantiza que todos los trabajadores mantendr\u00e1n ante la posible intervenci\u00f3n sus puestos de trabajo bajo los convenios colectivos vigentes, incluyendo al gremio de Luz y Fuerza, al de Sanidad al cual est\u00e1n afiliados los empleados del \u00e1rea de Servicios Sociales, como as\u00ed a las que prestan servicio en el sector de internet.<\/p>\n<p>Adem\u00e1s, las negociaciones paritarias continuar\u00edan seg\u00fan los respectivos sindicatos que representan a los empleados, definiciones que en tanto sentido no tienen lugar en la UPC local.<\/p>\n<p>En cuanto a la bolsa de trabajo del Sindicato de Luz y Fuerza, instancia que se utiliza para el ingreso de personal t\u00e9cnico a la Usina, se dej\u00f3 saber que el convenio seguir\u00e1 teniendo vigencia que incluye la continuidad de este r\u00e9gimen, preserv\u00e1ndose as\u00ed las conquistas laborales alcanzadas desde 2012.<\/p>\n<p>Es importante aclarar que la figura del interventor no puede en ning\u00fan momento comprometer la calidad y seguridad laboral del personal de la cooperativa. Mantendr\u00eda, se acot\u00f3, las mismas garant\u00edas y acuerdos laborales actuales.<\/p>\n<p>En resumen, la connotaci\u00f3n negativa asociada con la palabra \u201cintervenci\u00f3n\u201d es simplemente como un \u201cardid de tinte pol\u00edtico\u201d de parte de aquellos que, respaldados por sus cargos ejecutivos en el consejo de administ5raci\u00f3n, pretenden ignorar una realidad que erosiona diariamente a una de las instituciones m\u00e1s importantes de la ciudad, poni\u00e9ndola en riesgo incluso al borde de su disoluci\u00f3n.<\/p>\n<p>Ordenar, revisar y controlar, as\u00ed como brindar transparencia en asuntos que los asociados -usuarios del servicio el\u00e9ctrico- desconocen debido muchas veces a la falta de informaci\u00f3n, y volver a poner en funcionamiento una cooperativa que debe considerarse un orgullo de nuestra comunidad es una responsabilidad que cada vecino merece, formando parte de una entidad que, lamentablemente, pareciera que no la representa desde hace tiempo.<\/p>\n","protected":false},"excerpt":{"rendered":"<p>Por Jorge G\u00f3mez Variados rumores que calificar\u00edan de malintencionados comenzaron a circular despu\u00e9s de que se conociera la decisi\u00f3n firme por parte del gobierno provincial como as\u00ed de la Municipalidad de Necochea de intervenir la Usina Popular Cooperativa Sebasti\u00e1n de Mar\u00eda de Necochea, concesionaria del servicio el\u00e9ctrico en nuestro medio. C\u00e9sar Arrieta, jubilado del Sindicato [&hellip;]<\/p>\n","protected":false},"author":3,"featured_media":102468,"comment_status":"open","ping_status":"open","sticky":false,"template":"","format":"standard","meta":{"footnotes":""},"categories":[3],"tags":[],"class_list":["post-104453","post","type-post","status-publish","format-standard","has-post-thumbnail","category-masnoticias"],"_links":{"self":[{"href":"https:\/\/primicias2262.com\/noticias\/wp-json\/wp\/v2\/posts\/104453","targetHints":{"allow":["GET"]}}],"collection":[{"href":"https:\/\/primicias2262.com\/noticias\/wp-json\/wp\/v2\/posts"}],"about":[{"href":"https:\/\/primicias2262.com\/noticias\/wp-json\/wp\/v2\/types\/post"}],"author":[{"embeddable":true,"href":"https:\/\/primicias2262.com\/noticias\/wp-json\/wp\/v2\/users\/3"}],"replies":[{"embeddable":true,"href":"https:\/\/primicias2262.com\/noticias\/wp-json\/wp\/v2\/comments?post=104453"}],"version-history":[{"count":2,"href":"https:\/\/primicias2262.com\/noticias\/wp-json\/wp\/v2\/posts\/104453\/revisions"}],"predecessor-version":[{"id":104477,"href":"https:\/\/primicias2262.com\/noticias\/wp-json\/wp\/v2\/posts\/104453\/revisions\/104477"}],"wp:featuredmedia":[{"embeddable":true,"href":"https:\/\/primicias2262.com\/noticias\/wp-json\/wp\/v2\/media\/102468"}],"wp:attachment":[{"href":"https:\/\/primicias2262.com\/noticias\/wp-json\/wp\/v2\/media?parent=104453"}],"wp:term":[{"taxonomy":"category","embeddable":true,"href":"https:\/\/primicias2262.com\/noticias\/wp-json\/wp\/v2\/categories?post=104453"},{"taxonomy":"post_tag","embeddable":true,"href":"https:\/\/primicias2262.com\/noticias\/wp-json\/wp\/v2\/tags?post=104453"}],"curies":[{"name":"wp","href":"https:\/\/api.w.org\/{rel}","templated":true}]}}