{"id":104455,"date":"2023-11-06T14:12:27","date_gmt":"2023-11-06T14:12:27","guid":{"rendered":"https:\/\/primicias2262.com\/noticias\/?p=104455"},"modified":"2023-11-06T14:12:27","modified_gmt":"2023-11-06T14:12:27","slug":"se-realizo-con-exito-una-nueva-edicion-de-la-expo-rural","status":"publish","type":"post","link":"https:\/\/primicias2262.com\/noticias\/se-realizo-con-exito-una-nueva-edicion-de-la-expo-rural\/","title":{"rendered":"Se realiz\u00f3 con \u00e9xito una nueva edici\u00f3n de la Expo Rural"},"content":{"rendered":"<p><strong>El fin de semana se llev\u00f3 a cabo una nueva edici\u00f3n de la Expo Rural en el predio de la Sociedad Rural de Necochea, donde el intendente Arturo Rojas acompa\u00f1\u00f3 en la ceremonia de apertura junto a la organizaci\u00f3n y el presidente de CARBAP, Horacio Salaverry.<\/strong><\/p>\n<p>En representaci\u00f3n de la organizaci\u00f3n, Alfredo Farisano resalt\u00f3 el apoyo municipal al dar las palabras de bienvenida. \u201cEs un gusto este a\u00f1o volver a organizar esta muestra y gracias tambi\u00e9n a la Municipalidad: a Arturo Rojas, Alejandro Silva y todo el equipo de trabajo, que nos ayudan a hacer este espect\u00e1culo tan lindo donde el campo y la ciudad se unen\u201d, para luego valorar el esfuerzo de los expositores ante el contexto dif\u00edcil a nivel nacional y anhelando que \u201cel pr\u00f3ximo gobierno tenga pol\u00edticas adecuadas para nuestro sector\u201d.<\/p>\n<p>A su turno, el intendente Rojas felicit\u00f3 a la comisi\u00f3n que representa a las instituciones del agro \u201cpor hacer esta Expo Rural en un contexto dif\u00edcil, la cual les permite a los ciudadanos acercarse al campo y ver qu\u00e9 es lo que se produce\u201d, para subrayar que \u201ccuando hablamos de campo hablamos de gente de trabajo, compromiso, esfuerzo e inversi\u00f3n; generaci\u00f3n de puestos de trabajo, de ciencia y tecnolog\u00eda, y de lo que significa la agroindustria para nuestra regi\u00f3n, la provincia y el pa\u00eds\u201d.<\/p>\n<p><a href=\"https:\/\/primicias2262.com\/noticias\/wp-content\/uploads\/2023\/11\/06-11-FOTO-Rojas-Expo-Rural.jpeg\"><img loading=\"lazy\" decoding=\"async\" class=\"aligncenter size-full wp-image-104461\" src=\"https:\/\/primicias2262.com\/noticias\/wp-content\/uploads\/2023\/11\/06-11-FOTO-Rojas-Expo-Rural.jpeg\" alt=\"\" width=\"1600\" height=\"1200\" srcset=\"https:\/\/primicias2262.com\/noticias\/wp-content\/uploads\/2023\/11\/06-11-FOTO-Rojas-Expo-Rural.jpeg 1600w, https:\/\/primicias2262.com\/noticias\/wp-content\/uploads\/2023\/11\/06-11-FOTO-Rojas-Expo-Rural-300x225.jpeg 300w, https:\/\/primicias2262.com\/noticias\/wp-content\/uploads\/2023\/11\/06-11-FOTO-Rojas-Expo-Rural-1024x768.jpeg 1024w, https:\/\/primicias2262.com\/noticias\/wp-content\/uploads\/2023\/11\/06-11-FOTO-Rojas-Expo-Rural-768x576.jpeg 768w, https:\/\/primicias2262.com\/noticias\/wp-content\/uploads\/2023\/11\/06-11-FOTO-Rojas-Expo-Rural-1536x1152.jpeg 1536w, https:\/\/primicias2262.com\/noticias\/wp-content\/uploads\/2023\/11\/06-11-FOTO-Rojas-Expo-Rural-150x113.jpeg 150w, https:\/\/primicias2262.com\/noticias\/wp-content\/uploads\/2023\/11\/06-11-FOTO-Rojas-Expo-Rural-696x522.jpeg 696w, https:\/\/primicias2262.com\/noticias\/wp-content\/uploads\/2023\/11\/06-11-FOTO-Rojas-Expo-Rural-1068x801.jpeg 1068w\" sizes=\"auto, (max-width: 1600px) 100vw, 1600px\" \/><\/a>En l\u00ednea con Farisano, el jefe comunal se\u00f1al\u00f3 que \u201ccuando las pol\u00edticas no son las adecuadas repercute de manera negativa en la macroeconom\u00eda y ah\u00ed sufrimos las problem\u00e1ticas todos los vecinos\u201d, y de ac\u00e1 al corto plazo hizo un amplio llamado a la unidad. \u201cHay que generar una apuesta hacia el futuro, no conformarnos con lo que hoy tenemos, sino que precisamos que esta muestra el a\u00f1o que viene tenga el triple de stands\u201d.<\/p>\n<p>En ese sentido, manifest\u00f3 que \u201choy no est\u00e1n todas las instituciones relacionadas al sector y al puerto y eso tiene que ser un peque\u00f1o llamado de atenci\u00f3n. El compromiso del municipio est\u00e1 y es bregar por la mancomuni\u00f3n y el cierre de la grieta a nivel local, y queremos transmitir eso tambi\u00e9n a nivel regional, exigiendo que cada una de las instituciones est\u00e9n a la altura de las circunstancias\u201d.<\/p>\n<p>De cara a lo que se viene pol\u00edticamente, Rojas reafirm\u00f3 que \u201cno soy de los que creen que es con menos pol\u00edtica o retirando el Estado, al contrario es con m\u00e1s y mejor pol\u00edtica; el Estado somos todos, es la organizaci\u00f3n pol\u00edtica en la cual estamos todos incluidos a trav\u00e9s de instituciones intermedias para organizar la vida en comunidad y generar aquello que tiene que ver con el bien com\u00fan y las soluciones colectivas por encima de lo individual\u201d.<\/p>\n<p><a href=\"https:\/\/primicias2262.com\/noticias\/wp-content\/uploads\/2023\/11\/06-11-FOTO-Expo-Rural2.jpeg\"><img loading=\"lazy\" decoding=\"async\" class=\"aligncenter size-full wp-image-104460\" src=\"https:\/\/primicias2262.com\/noticias\/wp-content\/uploads\/2023\/11\/06-11-FOTO-Expo-Rural2.jpeg\" alt=\"\" width=\"1600\" height=\"1200\" srcset=\"https:\/\/primicias2262.com\/noticias\/wp-content\/uploads\/2023\/11\/06-11-FOTO-Expo-Rural2.jpeg 1600w, https:\/\/primicias2262.com\/noticias\/wp-content\/uploads\/2023\/11\/06-11-FOTO-Expo-Rural2-300x225.jpeg 300w, https:\/\/primicias2262.com\/noticias\/wp-content\/uploads\/2023\/11\/06-11-FOTO-Expo-Rural2-1024x768.jpeg 1024w, https:\/\/primicias2262.com\/noticias\/wp-content\/uploads\/2023\/11\/06-11-FOTO-Expo-Rural2-768x576.jpeg 768w, https:\/\/primicias2262.com\/noticias\/wp-content\/uploads\/2023\/11\/06-11-FOTO-Expo-Rural2-1536x1152.jpeg 1536w, https:\/\/primicias2262.com\/noticias\/wp-content\/uploads\/2023\/11\/06-11-FOTO-Expo-Rural2-150x113.jpeg 150w, https:\/\/primicias2262.com\/noticias\/wp-content\/uploads\/2023\/11\/06-11-FOTO-Expo-Rural2-696x522.jpeg 696w, https:\/\/primicias2262.com\/noticias\/wp-content\/uploads\/2023\/11\/06-11-FOTO-Expo-Rural2-1068x801.jpeg 1068w\" sizes=\"auto, (max-width: 1600px) 100vw, 1600px\" \/><\/a>En ese contexto, remarc\u00f3 que \u201cla agroindustria es uno de los sectores m\u00e1s pujantes de la econom\u00eda nacional y es a trav\u00e9s de ella que vamos a salir adelante, con pol\u00edticas p\u00fablicas a mediano y largo plazo\u201d, exigiendo \u201cque no se cambien las reglas de juego en el medio, entre cosecha y cosecha\u201d.<\/p>\n<p>Asimismo, se explay\u00f3 el presidente de la Confederaci\u00f3n de Asociaciones Rurales de Buenos Aires y La Pampa, Horacio Salaverry, quien visit\u00f3 la Expo Rural necochense por primera vez y la defini\u00f3 como \u201cmuy din\u00e1mica y concurrida\u201d.<\/p>\n<p>Luego, Salaverry habl\u00f3 de desaf\u00edos. \u201cM\u00e1s all\u00e1 de las vicisitudes, el sector agropecuario sigue invirtiendo y pensando hacia adelante en un pa\u00eds distinto al que tenemos. Estamos en una encrucijada pol\u00edtica dif\u00edcil, donde hay falta de previsibilidad y de un horizonte en el futuro, y eso se ve en el estado de angustia de los ciudadanos y productores\u201d.<\/p>\n<p>La m\u00e1xima autoridad de CARBAP referenci\u00f3 que \u201cArgentina en la d\u00e9cada del \u201980 ten\u00eda la misma cantidad de animales que Brasil, pero hoy Brasil tiene m\u00e1s de 200 millones y nosotros 54 millones; hace unos d\u00edas declararon a Brasil el principal productor y exportador mundial de ma\u00edz, cuando hace 15 a\u00f1os le export\u00e1bamos ma\u00edz nosotros; Uruguay est\u00e1 dentro de los principales exportadores de carne, Paraguay en estos momentos nos est\u00e1 dando soja, entonces me pregunto qu\u00e9 nos pas\u00f3, qu\u00e9 se hizo mal\u201d.<\/p>\n<p>\u201cSeguramente muchas cosas\u201d, se respondi\u00f3, para plantearse si ser\u00e1n corregidas. \u201cPara corregirlas, si van a estar los mismos actores va a ser muy dif\u00edcil y complejo\u201d, manifest\u00f3, aunque reconoci\u00f3 que \u201cclaramente hay oportunidades para la regi\u00f3n y para que crezca el pa\u00eds y que demos un salto de calidad, la posibilidad est\u00e1 y queremos ser parte de la soluci\u00f3n\u201d.<\/p>\n<p>Entre los tres disertantes y el productor Eugenio Cardenau, se hizo el corte de cintas inaugural de una nueva Expo Rural que cont\u00f3 con un marco muy concurrido durante s\u00e1bado y domingo con un clima que acompa\u00f1\u00f3 para la realizaci\u00f3n del evento.<\/p>\n","protected":false},"excerpt":{"rendered":"<p>El fin de semana se llev\u00f3 a cabo una nueva edici\u00f3n de la Expo Rural en el predio de la Sociedad Rural de Necochea, donde el intendente Arturo Rojas acompa\u00f1\u00f3 en la ceremonia de apertura junto a la organizaci\u00f3n y el presidente de CARBAP, Horacio Salaverry. En representaci\u00f3n de la organizaci\u00f3n, Alfredo Farisano resalt\u00f3 el [&hellip;]<\/p>\n","protected":false},"author":3,"featured_media":104459,"comment_status":"open","ping_status":"open","sticky":false,"template":"","format":"standard","meta":{"footnotes":""},"categories":[5],"tags":[],"class_list":{"0":"post-104455","1":"post","2":"type-post","3":"status-publish","4":"format-standard","5":"has-post-thumbnail","7":"category-neco"},"_links":{"self":[{"href":"https:\/\/primicias2262.com\/noticias\/wp-json\/wp\/v2\/posts\/104455","targetHints":{"allow":["GET"]}}],"collection":[{"href":"https:\/\/primicias2262.com\/noticias\/wp-json\/wp\/v2\/posts"}],"about":[{"href":"https:\/\/primicias2262.com\/noticias\/wp-json\/wp\/v2\/types\/post"}],"author":[{"embeddable":true,"href":"https:\/\/primicias2262.com\/noticias\/wp-json\/wp\/v2\/users\/3"}],"replies":[{"embeddable":true,"href":"https:\/\/primicias2262.com\/noticias\/wp-json\/wp\/v2\/comments?post=104455"}],"version-history":[{"count":1,"href":"https:\/\/primicias2262.com\/noticias\/wp-json\/wp\/v2\/posts\/104455\/revisions"}],"predecessor-version":[{"id":104462,"href":"https:\/\/primicias2262.com\/noticias\/wp-json\/wp\/v2\/posts\/104455\/revisions\/104462"}],"wp:featuredmedia":[{"embeddable":true,"href":"https:\/\/primicias2262.com\/noticias\/wp-json\/wp\/v2\/media\/104459"}],"wp:attachment":[{"href":"https:\/\/primicias2262.com\/noticias\/wp-json\/wp\/v2\/media?parent=104455"}],"wp:term":[{"taxonomy":"category","embeddable":true,"href":"https:\/\/primicias2262.com\/noticias\/wp-json\/wp\/v2\/categories?post=104455"},{"taxonomy":"post_tag","embeddable":true,"href":"https:\/\/primicias2262.com\/noticias\/wp-json\/wp\/v2\/tags?post=104455"}],"curies":[{"name":"wp","href":"https:\/\/api.w.org\/{rel}","templated":true}]}}