{"id":104463,"date":"2023-11-06T12:12:52","date_gmt":"2023-11-06T12:12:52","guid":{"rendered":"https:\/\/primicias2262.com\/noticias\/?p=104463"},"modified":"2023-11-07T13:25:28","modified_gmt":"2023-11-07T13:25:28","slug":"arturo-rojas-y-jimena-lopez-entregaron-credenciales-sube-a-personas-con-discapacidad","status":"publish","type":"post","link":"https:\/\/primicias2262.com\/noticias\/arturo-rojas-y-jimena-lopez-entregaron-credenciales-sube-a-personas-con-discapacidad\/","title":{"rendered":"Arturo Rojas y Jimena L\u00f3pez entregaron credenciales SUBE a personas con discapacidad"},"content":{"rendered":"<p><strong>El intendente municipal, Arturo Rojas, recibi\u00f3 a la Secretaria de Gesti\u00f3n del Ministerio de Transporte de la Naci\u00f3n, Jimena L\u00f3pez, junto a quien se entregaron diez credenciales SUBE a personas con discapacidad, las cuales no tendr\u00e1n necesidad de mostrar el Certificado \u00danico de Discapacidad (CUD) al chofer.<\/strong><\/p>\n<p>Luego del acto llevado a cabo en el despacho del Intendente junto a la funcionaria nacional, los beneficiarios y la secretaria de Desarrollo Humano, Sandra Antenucci, la directora de Discapacidad de la comuna, Camila Bianchi, resalt\u00f3 su agradecimiento \u201cpor la entrega de estas credenciales SUBE vinculadas al Certificado de Discapacidad de la ANDIS (Agencia Nacional de Discapacidad), que representa una alegr\u00eda enorme y tiene que ver con quitar el estigma que muchas veces tienen los pases\u201d.<\/p>\n<p>La funcionaria municipal sintetiz\u00f3 que \u201cesto de brindar la posibilidad de generar una credencial igual a la del resto de los pasajeros es un paso enorme que tiene que ver con la privacidad y los derechos de las personas con discapacidad\u201d, e inform\u00f3 que en Necochea han sido beneficiarias 10 personas, la mayor\u00eda de las cuales trabajan en los talleres protegidos Todo para Ellos y Senderos de Luz, como as\u00ed en el Promover Empleo de la Municipalidad.<\/p>\n<p><a href=\"https:\/\/primicias2262.com\/noticias\/wp-content\/uploads\/2023\/11\/03-11-FOTO-entrega-credenciales-SUBE4.jpeg\"><img loading=\"lazy\" decoding=\"async\" class=\"aligncenter size-full wp-image-104458\" src=\"https:\/\/primicias2262.com\/noticias\/wp-content\/uploads\/2023\/11\/03-11-FOTO-entrega-credenciales-SUBE4.jpeg\" alt=\"\" width=\"1280\" height=\"853\" srcset=\"https:\/\/primicias2262.com\/noticias\/wp-content\/uploads\/2023\/11\/03-11-FOTO-entrega-credenciales-SUBE4.jpeg 1280w, https:\/\/primicias2262.com\/noticias\/wp-content\/uploads\/2023\/11\/03-11-FOTO-entrega-credenciales-SUBE4-300x200.jpeg 300w, https:\/\/primicias2262.com\/noticias\/wp-content\/uploads\/2023\/11\/03-11-FOTO-entrega-credenciales-SUBE4-1024x682.jpeg 1024w, https:\/\/primicias2262.com\/noticias\/wp-content\/uploads\/2023\/11\/03-11-FOTO-entrega-credenciales-SUBE4-768x512.jpeg 768w, https:\/\/primicias2262.com\/noticias\/wp-content\/uploads\/2023\/11\/03-11-FOTO-entrega-credenciales-SUBE4-150x100.jpeg 150w, https:\/\/primicias2262.com\/noticias\/wp-content\/uploads\/2023\/11\/03-11-FOTO-entrega-credenciales-SUBE4-696x464.jpeg 696w, https:\/\/primicias2262.com\/noticias\/wp-content\/uploads\/2023\/11\/03-11-FOTO-entrega-credenciales-SUBE4-1068x712.jpeg 1068w\" sizes=\"auto, (max-width: 1280px) 100vw, 1280px\" \/><\/a>Por su parte, y en l\u00ednea con lo expresado por Bianchi, Jimena L\u00f3pez afirm\u00f3 que \u201cno es menor el hecho de que no haya ninguna diferenciaci\u00f3n en cuanto al uso de la SUBE por ning\u00fan tipo de discriminaci\u00f3n\u201d, aportando incluso que \u201cuna de las cuestiones que familiares de personas con discapacidad y asociaciones nos plantearon es el hecho del estigma y la categorizaci\u00f3n, al aparecer la palabra discapacitado en los pases, y nos parec\u00eda que en una sociedad que realmente busca la integraci\u00f3n no debemos tener diferencias a la hora de la lectura en una validadora de micros\u201d.<\/p>\n<p>Desde ese lugar, la otrora secretaria de Desarrollo Humano del municipio explic\u00f3 que \u201cdesde Naci\u00f3n Servicios en forma conjunta con la ANDIS se trabaj\u00f3 en un dispositivo como es la SUBE para enlazar directamente el Certificado de Discapacidad con un n\u00famero espec\u00edfico de SUBE que permita que la persona viaje por todos los modos de transporte que utilizan el Sistema \u00danico de Boleto Electr\u00f3nico, ya sea subte, micro o tren\u201d.<\/p>\n<p>En el caso puntual de Necochea, Jimena destac\u00f3 que \u201ccuando se eligieron las pruebas una de las cuestiones fue entrar en contacto con la Municipalidad para contarles lo que estamos haciendo, que es trabajar con 10 mil personas de todo el pa\u00eds durante 60 d\u00edas, de las cuales 10 son de Necochea, para poder ver si el sistema arroja alg\u00fan error o la comodidad en relaci\u00f3n al uso que le puedan dar algunas personas, y consideramos que es una forma m\u00e1s de integraci\u00f3n\u201d.<\/p>\n<p><a href=\"https:\/\/primicias2262.com\/noticias\/wp-content\/uploads\/2023\/11\/03-11-FOTO-Camila-Bianchi-Jimena-Lopez.jpeg\"><img loading=\"lazy\" decoding=\"async\" class=\"aligncenter size-full wp-image-104456\" src=\"https:\/\/primicias2262.com\/noticias\/wp-content\/uploads\/2023\/11\/03-11-FOTO-Camila-Bianchi-Jimena-Lopez.jpeg\" alt=\"\" width=\"1280\" height=\"853\" srcset=\"https:\/\/primicias2262.com\/noticias\/wp-content\/uploads\/2023\/11\/03-11-FOTO-Camila-Bianchi-Jimena-Lopez.jpeg 1280w, https:\/\/primicias2262.com\/noticias\/wp-content\/uploads\/2023\/11\/03-11-FOTO-Camila-Bianchi-Jimena-Lopez-300x200.jpeg 300w, https:\/\/primicias2262.com\/noticias\/wp-content\/uploads\/2023\/11\/03-11-FOTO-Camila-Bianchi-Jimena-Lopez-1024x682.jpeg 1024w, https:\/\/primicias2262.com\/noticias\/wp-content\/uploads\/2023\/11\/03-11-FOTO-Camila-Bianchi-Jimena-Lopez-768x512.jpeg 768w, https:\/\/primicias2262.com\/noticias\/wp-content\/uploads\/2023\/11\/03-11-FOTO-Camila-Bianchi-Jimena-Lopez-150x100.jpeg 150w, https:\/\/primicias2262.com\/noticias\/wp-content\/uploads\/2023\/11\/03-11-FOTO-Camila-Bianchi-Jimena-Lopez-696x464.jpeg 696w, https:\/\/primicias2262.com\/noticias\/wp-content\/uploads\/2023\/11\/03-11-FOTO-Camila-Bianchi-Jimena-Lopez-1068x712.jpeg 1068w\" sizes=\"auto, (max-width: 1280px) 100vw, 1280px\" \/><\/a>Finalmente, la funcionaria nacional de Transporte acot\u00f3 que \u201chay 5 millones de personas con discapacidad en Argentina, es un n\u00famero sumamente importante al que hay que tratarle de generarle pol\u00edticas p\u00fablicas de integraci\u00f3n necesarias y una de ellas es la posibilidad de que puedan circular en el espacio p\u00fablico de la mejor manera posible\u201d.<\/p>\n<p>En cuanto a los diez beneficiarios necochenses, estuvieron presentes en la entrega Sebastian Menghini, Agustin P\u00e9rez, Mat\u00edas Tr\u00edpano, Fabi\u00e1n Torres, Fernando Comaschi y Gast\u00f3n Pascualetti; a quienes se le suman Pablo V\u00e1ldez, Daniel Davico, Mar\u00eda del Carmen De Lucca y Milagros Geis.<\/p>\n<p>En la web oficial del Ministerio de Transporte de Naci\u00f3n, se comunic\u00f3 oficialmente esta semana de la siguiente manera: <strong>SUBE PARA PERSONAS CON DISCAPACIDAD<\/strong>: Comenzando en Santa Rosa y Necochea, se gener\u00f3 una credencial SUBE para que las personas con discapacidad puedan viajar en el transporte p\u00fablico sin necesidad de mostrar el Certificado \u00danico de Discapacidad (CUD) al chofer. Adem\u00e1s, la credencial brindar\u00e1 una constancia de viaje v\u00e1lida frente al seguro de transporte, lo que hoy no queda acreditado con el CUD papel.<\/p>\n<audio class=\"wp-audio-shortcode\" id=\"audio-104463-1\" preload=\"none\" style=\"width: 100%;\" controls=\"controls\"><source type=\"audio\/mpeg\" src=\"https:\/\/primicias2262.com\/noticias\/wp-content\/uploads\/2023\/11\/03-11-AUDIO-Camila-Bianchi-Jimena-Lopez.mp3?_=1\" \/><a href=\"https:\/\/primicias2262.com\/noticias\/wp-content\/uploads\/2023\/11\/03-11-AUDIO-Camila-Bianchi-Jimena-Lopez.mp3\">https:\/\/primicias2262.com\/noticias\/wp-content\/uploads\/2023\/11\/03-11-AUDIO-Camila-Bianchi-Jimena-Lopez.mp3<\/a><\/audio>\n","protected":false},"excerpt":{"rendered":"<p>El intendente municipal, Arturo Rojas, recibi\u00f3 a la Secretaria de Gesti\u00f3n del Ministerio de Transporte de la Naci\u00f3n, Jimena L\u00f3pez, junto a quien se entregaron diez credenciales SUBE a personas con discapacidad, las cuales no tendr\u00e1n necesidad de mostrar el Certificado \u00danico de Discapacidad (CUD) al chofer. Luego del acto llevado a cabo en el [&hellip;]<\/p>\n","protected":false},"author":3,"featured_media":104457,"comment_status":"open","ping_status":"open","sticky":false,"template":"","format":"standard","meta":{"footnotes":""},"categories":[3],"tags":[],"class_list":["post-104463","post","type-post","status-publish","format-standard","has-post-thumbnail","category-masnoticias"],"_links":{"self":[{"href":"https:\/\/primicias2262.com\/noticias\/wp-json\/wp\/v2\/posts\/104463","targetHints":{"allow":["GET"]}}],"collection":[{"href":"https:\/\/primicias2262.com\/noticias\/wp-json\/wp\/v2\/posts"}],"about":[{"href":"https:\/\/primicias2262.com\/noticias\/wp-json\/wp\/v2\/types\/post"}],"author":[{"embeddable":true,"href":"https:\/\/primicias2262.com\/noticias\/wp-json\/wp\/v2\/users\/3"}],"replies":[{"embeddable":true,"href":"https:\/\/primicias2262.com\/noticias\/wp-json\/wp\/v2\/comments?post=104463"}],"version-history":[{"count":2,"href":"https:\/\/primicias2262.com\/noticias\/wp-json\/wp\/v2\/posts\/104463\/revisions"}],"predecessor-version":[{"id":104483,"href":"https:\/\/primicias2262.com\/noticias\/wp-json\/wp\/v2\/posts\/104463\/revisions\/104483"}],"wp:featuredmedia":[{"embeddable":true,"href":"https:\/\/primicias2262.com\/noticias\/wp-json\/wp\/v2\/media\/104457"}],"wp:attachment":[{"href":"https:\/\/primicias2262.com\/noticias\/wp-json\/wp\/v2\/media?parent=104463"}],"wp:term":[{"taxonomy":"category","embeddable":true,"href":"https:\/\/primicias2262.com\/noticias\/wp-json\/wp\/v2\/categories?post=104463"},{"taxonomy":"post_tag","embeddable":true,"href":"https:\/\/primicias2262.com\/noticias\/wp-json\/wp\/v2\/tags?post=104463"}],"curies":[{"name":"wp","href":"https:\/\/api.w.org\/{rel}","templated":true}]}}