{"id":104474,"date":"2023-11-06T15:53:06","date_gmt":"2023-11-06T15:53:06","guid":{"rendered":"https:\/\/primicias2262.com\/noticias\/?p=104474"},"modified":"2023-11-07T13:26:23","modified_gmt":"2023-11-07T13:26:23","slug":"massa-o-milei-hoy-es-muy-sencillo-saber-cual-es-la-opcion-correcta","status":"publish","type":"post","link":"https:\/\/primicias2262.com\/noticias\/massa-o-milei-hoy-es-muy-sencillo-saber-cual-es-la-opcion-correcta\/","title":{"rendered":"\u00bfMassa o Milei?: \u201cHoy es muy sencillo saber cu\u00e1l es la opci\u00f3n correcta\u201d"},"content":{"rendered":"<p><strong>As\u00ed lo asegur\u00f3 el gremialista Demian Ledesma, quien en \u201cVoces de la Ciudad\u201d argument\u00f3 por qu\u00e9 hay que votar a Sergio Massa en el balotaje presidencial del 19 de noviembre que tendr\u00e1 al de Tigre frente a Javier Milei.<\/strong><\/p>\n<p>En nota con el periodista Jorge G\u00f3mez, el secretario de La Bancaria de Necochea y referente del \u00e1mbito del trabajo plante\u00f3 que \u201cla pregunta es muy f\u00e1cil de responder\u201d, en alusi\u00f3n a que votar\u00e1 a Massa y que lo que plantea Milei como pa\u00eds \u201ces invivible\u201d.<\/p>\n<p>Ledesma se\u00f1al\u00f3 de cara a la poblaci\u00f3n en general que \u201cel sistema electoral argentino te va metiendo en un embudo en que termin\u00e1s en una alternativa con dos posibilidades, y lo que has venido votando este a\u00f1o quiz\u00e1 no est\u00e1 entre las alternativas que quedan y hay que optar entre dos opciones que no fueron las primarias\u201d.<\/p>\n<p>Aun en ese escenario de voto por descarte, \u201cque no es el caso m\u00edo\u201d, aclar\u00f3 Ledesma, \u201cincluso as\u00ed hoy es muy sencillo saber cu\u00e1l es la opci\u00f3n correcta que permite esperanzarnos con un futuro de reconstrucci\u00f3n del proceso productivo nacional, de las instituciones y de saldar una divisi\u00f3n profunda de los sentires de argentinos y argentinas, la famosa grieta que ya ha llegado a niveles que nos hacen retroceder 40 a\u00f1os\u201d.<\/p>\n<p>En este tiempo, \u201cse han logrado naturalizar posiciones pol\u00edticas que se diluyen en la cantidad\u201d, manifest\u00f3, para empezar a cargar contra la figura del libertario. \u201cLo que ha dicho Milei que va a hacer y cu\u00e1l es su cosmovisi\u00f3n del mundo, si lo alineamos en un listado enseguida sacamos la visa y nos queremos ir del pa\u00eds. La promesa que nos hace Milei de pa\u00eds es \u201cinvivible\u201d, afirm\u00f3.<\/p>\n<p>Ledesma acot\u00f3 que \u201cMilei no tiene ning\u00fan equilibrio, bandea de un lado a otro seg\u00fan su conveniencia, no tiene anclaje ideol\u00f3gico y ni siquiera la formaci\u00f3n que debiera tener una persona para ser presidente. Es una persona desequilibrada sin convicciones firmes y se descontrola. Muestra un personaje desesperadamente agresivo, que se contradice y miente sistem\u00e1ticamente en c\u00e1mara, sin tener ninguna responsabilidad sobre lo que dice\u201d.<\/p>\n<p>Adem\u00e1s, vio con preocupaci\u00f3n que en un escenario de conmemoraci\u00f3n de los 40 a\u00f1os de la democracia \u201ces muy triste que haya alguien que cuya motivaci\u00f3n es proponernos una pesadilla de pa\u00eds\u201d.<\/p>\n<p>En el cierre, argument\u00f3 Demian que \u201cpor eso es importante y taxativo que el 19 de noviembre acompa\u00f1emos a Sergio Massa, que es la persona que tiene las condiciones para llevar adelante un pa\u00eds, y que no lo hace ahora porque la situaci\u00f3n que se dio en la coalici\u00f3n gobernante en los \u00faltimos cuatro a\u00f1os ha ido inhabilitando a las partes para desarrollar sus pol\u00edticas, y as\u00ed nos ha ido\u201d.<\/p>\n","protected":false},"excerpt":{"rendered":"<p>As\u00ed lo asegur\u00f3 el gremialista Demian Ledesma, quien en \u201cVoces de la Ciudad\u201d argument\u00f3 por qu\u00e9 hay que votar a Sergio Massa en el balotaje presidencial del 19 de noviembre que tendr\u00e1 al de Tigre frente a Javier Milei. En nota con el periodista Jorge G\u00f3mez, el secretario de La Bancaria de Necochea y referente [&hellip;]<\/p>\n","protected":false},"author":3,"featured_media":104475,"comment_status":"open","ping_status":"open","sticky":false,"template":"","format":"standard","meta":{"footnotes":""},"categories":[3],"tags":[],"class_list":["post-104474","post","type-post","status-publish","format-standard","has-post-thumbnail","category-masnoticias"],"_links":{"self":[{"href":"https:\/\/primicias2262.com\/noticias\/wp-json\/wp\/v2\/posts\/104474","targetHints":{"allow":["GET"]}}],"collection":[{"href":"https:\/\/primicias2262.com\/noticias\/wp-json\/wp\/v2\/posts"}],"about":[{"href":"https:\/\/primicias2262.com\/noticias\/wp-json\/wp\/v2\/types\/post"}],"author":[{"embeddable":true,"href":"https:\/\/primicias2262.com\/noticias\/wp-json\/wp\/v2\/users\/3"}],"replies":[{"embeddable":true,"href":"https:\/\/primicias2262.com\/noticias\/wp-json\/wp\/v2\/comments?post=104474"}],"version-history":[{"count":2,"href":"https:\/\/primicias2262.com\/noticias\/wp-json\/wp\/v2\/posts\/104474\/revisions"}],"predecessor-version":[{"id":104484,"href":"https:\/\/primicias2262.com\/noticias\/wp-json\/wp\/v2\/posts\/104474\/revisions\/104484"}],"wp:featuredmedia":[{"embeddable":true,"href":"https:\/\/primicias2262.com\/noticias\/wp-json\/wp\/v2\/media\/104475"}],"wp:attachment":[{"href":"https:\/\/primicias2262.com\/noticias\/wp-json\/wp\/v2\/media?parent=104474"}],"wp:term":[{"taxonomy":"category","embeddable":true,"href":"https:\/\/primicias2262.com\/noticias\/wp-json\/wp\/v2\/categories?post=104474"},{"taxonomy":"post_tag","embeddable":true,"href":"https:\/\/primicias2262.com\/noticias\/wp-json\/wp\/v2\/tags?post=104474"}],"curies":[{"name":"wp","href":"https:\/\/api.w.org\/{rel}","templated":true}]}}