{"id":104478,"date":"2023-11-07T13:25:39","date_gmt":"2023-11-07T13:25:39","guid":{"rendered":"https:\/\/primicias2262.com\/noticias\/?p=104478"},"modified":"2023-11-09T11:28:14","modified_gmt":"2023-11-09T11:28:14","slug":"avanzan-las-gestiones-conjuntas-para-construir-unas-200-viviendas-en-el-sector-de-la-terminal","status":"publish","type":"post","link":"https:\/\/primicias2262.com\/noticias\/avanzan-las-gestiones-conjuntas-para-construir-unas-200-viviendas-en-el-sector-de-la-terminal\/","title":{"rendered":"Avanzan las gestiones conjuntas para construir unas 200 viviendas en el sector de la Terminal"},"content":{"rendered":"<p><strong>El subsecretario de Obras P\u00fablicas, Lisandro Dones, explic\u00f3 en \u201cVoces de la Ciudad\u201d sobre las gestiones que el municipio y un par de gremios llevan adelante con el Instituto de la Vivienda en pos de llevar adelante este proyecto desde el a\u00f1o venidero.<\/strong><\/p>\n<p>En charla telef\u00f3nica con el periodista Jorge G\u00f3mez, Dones afirm\u00f3 que el punto geogr\u00e1fico en cuesti\u00f3n es sobre la pendiente que sube desde la Terminal hasta la calle 47, para lo que se articula una acci\u00f3n tripartita con los gremios y el Instituto de la Vivienda. \u00a0\u201cHace tiempo ya que estamos gestionando traer a Necochea alg\u00fan conjunto de viviendas que d\u00e9 respuesta a la gran demanda que hay en la ciudad hist\u00f3ricamente\u201d, referenci\u00f3 el funcionario.<\/p>\n<p>En virtud de ello, revel\u00f3 que \u201clo charlamos con autoridades del Instituto de la Vivienda gracias a la muy buena relaci\u00f3n que tiene Arturo (Rojas) con el gobierno provincial, sabiendo que es una deuda pendiente que tambi\u00e9n tiene la provincia, ya que este es uno de los distritos donde no ha llegado una obra concreta, por lo tanto hace tiempo venimos gestionando para poder concretar alg\u00fan proyecto de vivienda\u201d.<\/p>\n<p>En funci\u00f3n de ello inform\u00f3 que \u201cya venimos trabajando y sumamos fuerzas con los gremios de camioneros y UOCRA en el proyecto para darle mayor inercia a la idea que tenemos en tierras municipales para empezar a dar respuesta. Estamos en gestiones a\u00fan con muy buenas perspectivas y cuando esto llegue a buen puerto lo anunciar\u00e1 el intendente\u201d, para acotar sobre el sector de la Terminal que \u201ces una zona que se est\u00e1 valorizando en general y este es un buen proyecto que dar\u00e1 respuesta a una gran demanda de la ciudadan\u00eda\u201d.<\/p>\n<p>En ese sentido, apunt\u00f3 Dones que \u201cnosotros estimamos llegar a las 200 viviendas, ya tenemos el plano de subdivisi\u00f3n en catastro del municipio y en el ente provincial que debe aprobar esto que tiene que ver con el dise\u00f1o de las calles internas y tres macizos donde se van a instalar las unidades de viviendas colectivas\u201d.<\/p>\n<p>Por supuesto que el funcionario no soslay\u00f3 que \u201cel panorama nacional es muy delicado y estamos expectantes por lo que pasa en las pr\u00f3ximas semanas, y una vez que se concreten las elecciones ya podr\u00edamos avanzar para que el a\u00f1o que viene estemos en condiciones de empezar esta obra tan importante para Necochea\u201d.<\/p>\n<p>Asimismo, manifest\u00f3 en el cierre que \u201ctambi\u00e9n venimos charlando por recuperar un plan abandonado en 2008 de 109 viviendas en Quequ\u00e9n, Arturo tiene como un objetivo muy importante poder abrir esta puerta que d\u00e9 respuesta a una demanda hist\u00f3rica\u201d.<\/p>\n","protected":false},"excerpt":{"rendered":"<p>El subsecretario de Obras P\u00fablicas, Lisandro Dones, explic\u00f3 en \u201cVoces de la Ciudad\u201d sobre las gestiones que el municipio y un par de gremios llevan adelante con el Instituto de la Vivienda en pos de llevar adelante este proyecto desde el a\u00f1o venidero. En charla telef\u00f3nica con el periodista Jorge G\u00f3mez, Dones afirm\u00f3 que el [&hellip;]<\/p>\n","protected":false},"author":3,"featured_media":104479,"comment_status":"open","ping_status":"open","sticky":false,"template":"","format":"standard","meta":{"footnotes":""},"categories":[3],"tags":[],"class_list":["post-104478","post","type-post","status-publish","format-standard","has-post-thumbnail","category-masnoticias"],"_links":{"self":[{"href":"https:\/\/primicias2262.com\/noticias\/wp-json\/wp\/v2\/posts\/104478","targetHints":{"allow":["GET"]}}],"collection":[{"href":"https:\/\/primicias2262.com\/noticias\/wp-json\/wp\/v2\/posts"}],"about":[{"href":"https:\/\/primicias2262.com\/noticias\/wp-json\/wp\/v2\/types\/post"}],"author":[{"embeddable":true,"href":"https:\/\/primicias2262.com\/noticias\/wp-json\/wp\/v2\/users\/3"}],"replies":[{"embeddable":true,"href":"https:\/\/primicias2262.com\/noticias\/wp-json\/wp\/v2\/comments?post=104478"}],"version-history":[{"count":1,"href":"https:\/\/primicias2262.com\/noticias\/wp-json\/wp\/v2\/posts\/104478\/revisions"}],"predecessor-version":[{"id":104480,"href":"https:\/\/primicias2262.com\/noticias\/wp-json\/wp\/v2\/posts\/104478\/revisions\/104480"}],"wp:featuredmedia":[{"embeddable":true,"href":"https:\/\/primicias2262.com\/noticias\/wp-json\/wp\/v2\/media\/104479"}],"wp:attachment":[{"href":"https:\/\/primicias2262.com\/noticias\/wp-json\/wp\/v2\/media?parent=104478"}],"wp:term":[{"taxonomy":"category","embeddable":true,"href":"https:\/\/primicias2262.com\/noticias\/wp-json\/wp\/v2\/categories?post=104478"},{"taxonomy":"post_tag","embeddable":true,"href":"https:\/\/primicias2262.com\/noticias\/wp-json\/wp\/v2\/tags?post=104478"}],"curies":[{"name":"wp","href":"https:\/\/api.w.org\/{rel}","templated":true}]}}