{"id":104481,"date":"2023-11-07T16:26:03","date_gmt":"2023-11-07T16:26:03","guid":{"rendered":"https:\/\/primicias2262.com\/noticias\/?p=104481"},"modified":"2023-11-09T11:27:00","modified_gmt":"2023-11-09T11:27:00","slug":"taxistas-se-expresan-en-contra-del-desembarco-de-uber-en-la-ciudad","status":"publish","type":"post","link":"https:\/\/primicias2262.com\/noticias\/taxistas-se-expresan-en-contra-del-desembarco-de-uber-en-la-ciudad\/","title":{"rendered":"Taxistas se expresan en contra del desembarco de Uber en la ciudad"},"content":{"rendered":"<p><strong>Nicol\u00e1s Guiller\u00f3n, del cuerpo de taxistas de la ciudad, habl\u00f3 sobre la nota que presentaron en el municipio y el Concejo Deliberante luego de que Uber avisara que de cara al verano estar\u00e1 disponible en varias ciudades de la costa atl\u00e1ntica, entre ellas Necochea.<\/strong><\/p>\n<p>En nota con el periodista Jorge G\u00f3mez en \u201cVoces de la Ciudad\u201d, luego de que la empresa Uber, con asiento en Buenos Aires, anunciara que brindar\u00e1n el servicio en Necochea, como as\u00ed en Pinamar, Villa Gesell, Mar Chiquita, Miramar y Partido de La Costa, Guiller\u00f3n expuso que \u201cno estamos de acuerdo porque es una competencia totalmente desleal, no brindan el servicio como lo brindamos nosotros, con todo lo que nos exigen\u201d.<\/p>\n<p>En la nota presentada a los cuerpos Ejecutiovo y Legislativo locales, se se\u00f1ala una \u201cmarcada preocupaci\u00f3n generada en el sector ante el arribo de Uber, cuyos veh\u00edculos que pretenden desarrollar la actividad no cuentan con permiso, concesi\u00f3n y\/o habilitaci\u00f3n municipal correspondiente, la cual se exige por ordenanza municipal desde el a\u00f1o 1993\u201d.<\/p>\n<p>En ese sentido, se argumenta que Uber genera una competencia desleal, fomenta la irregularidad de los choferes en cuanto a licencia habilitante y dem\u00e1s tr\u00e1mites, y adem\u00e1s un perjuicio directo a la retribuci\u00f3n monetaria, afectando a los 178 taxis habilitados y a las familias dependientes de esta actividad en la ciudad.<\/p>\n<p>\u201cEllos se presentan y quieren empezar a trabajar sin ning\u00fan tipo de habilitaci\u00f3n municipal. Te tiran la noticia que van a venir a un lugar y vos pon\u00e9s a trabajar tu auto sin un seguro correspondiente, sin un carnet habilitante y sin un certificado de antecedentes que te habilite a usar el transporte p\u00fablico\u201d, se\u00f1al\u00f3 Guiller\u00f3n<\/p>\n<p>Incluso, apunt\u00f3 que \u201cno es verdad que sea m\u00e1s barato que el taxi o el remis, porque cuando lo llama mucha gente la tarifa sube\u201d, y acot\u00f3 de forma contundente que \u201ces algo que no est\u00e1 regulado, es como la quiniela clandestina\u201d, pero confi\u00f3 en que \u201cfuncionan en lugares muy grandes donde el control es muy dif\u00edcil, pero en Necochea no es dif\u00edcil el control, que debe estar a cargo de la Direcci\u00f3n de Transporte de la Municipalidad\u201d.<\/p>\n<p>Adem\u00e1s, el taxista se\u00f1al\u00f3 que \u201ca los que m\u00e1s va a perjudicar es a los remiseros, que es un servicio al cual la gente llama para que la vaya a buscar, mientras que nosotros tenemos nuestras paradas, pero lo que da bronca es que venga alguien as\u00ed de la nada y se ponga a hacer su negocio\u2026 adem\u00e1s, los usuarios el d\u00eda de ma\u00f1ana si tienen un accidente nadie les va a responder por nada, pero nosotros tenemos un seguro contra transportado que respalda al usuario\u201d.<\/p>\n","protected":false},"excerpt":{"rendered":"<p>Nicol\u00e1s Guiller\u00f3n, del cuerpo de taxistas de la ciudad, habl\u00f3 sobre la nota que presentaron en el municipio y el Concejo Deliberante luego de que Uber avisara que de cara al verano estar\u00e1 disponible en varias ciudades de la costa atl\u00e1ntica, entre ellas Necochea. En nota con el periodista Jorge G\u00f3mez en \u201cVoces de la [&hellip;]<\/p>\n","protected":false},"author":3,"featured_media":103032,"comment_status":"open","ping_status":"open","sticky":false,"template":"","format":"standard","meta":{"footnotes":""},"categories":[5],"tags":[],"class_list":{"0":"post-104481","1":"post","2":"type-post","3":"status-publish","4":"format-standard","5":"has-post-thumbnail","7":"category-neco"},"_links":{"self":[{"href":"https:\/\/primicias2262.com\/noticias\/wp-json\/wp\/v2\/posts\/104481","targetHints":{"allow":["GET"]}}],"collection":[{"href":"https:\/\/primicias2262.com\/noticias\/wp-json\/wp\/v2\/posts"}],"about":[{"href":"https:\/\/primicias2262.com\/noticias\/wp-json\/wp\/v2\/types\/post"}],"author":[{"embeddable":true,"href":"https:\/\/primicias2262.com\/noticias\/wp-json\/wp\/v2\/users\/3"}],"replies":[{"embeddable":true,"href":"https:\/\/primicias2262.com\/noticias\/wp-json\/wp\/v2\/comments?post=104481"}],"version-history":[{"count":1,"href":"https:\/\/primicias2262.com\/noticias\/wp-json\/wp\/v2\/posts\/104481\/revisions"}],"predecessor-version":[{"id":104482,"href":"https:\/\/primicias2262.com\/noticias\/wp-json\/wp\/v2\/posts\/104481\/revisions\/104482"}],"wp:featuredmedia":[{"embeddable":true,"href":"https:\/\/primicias2262.com\/noticias\/wp-json\/wp\/v2\/media\/103032"}],"wp:attachment":[{"href":"https:\/\/primicias2262.com\/noticias\/wp-json\/wp\/v2\/media?parent=104481"}],"wp:term":[{"taxonomy":"category","embeddable":true,"href":"https:\/\/primicias2262.com\/noticias\/wp-json\/wp\/v2\/categories?post=104481"},{"taxonomy":"post_tag","embeddable":true,"href":"https:\/\/primicias2262.com\/noticias\/wp-json\/wp\/v2\/tags?post=104481"}],"curies":[{"name":"wp","href":"https:\/\/api.w.org\/{rel}","templated":true}]}}