{"id":104486,"date":"2023-11-07T14:16:49","date_gmt":"2023-11-07T14:16:49","guid":{"rendered":"https:\/\/primicias2262.com\/noticias\/?p=104486"},"modified":"2023-11-09T11:28:03","modified_gmt":"2023-11-09T11:28:03","slug":"el-fin-de-semana-habra-fiesta-del-folklore-en-la-plaza-dardo-rocha","status":"publish","type":"post","link":"https:\/\/primicias2262.com\/noticias\/el-fin-de-semana-habra-fiesta-del-folklore-en-la-plaza-dardo-rocha\/","title":{"rendered":"El fin de semana habr\u00e1 Fiesta del Folklore en la Plaza Dardo Rocha"},"content":{"rendered":"<p><strong>Con la organizaci\u00f3n de la Direcci\u00f3n de Cultura, el venidero fin de semana la Plaza Dardo Rocha se vestir\u00e1 de celeste y blanco con la realizaci\u00f3n de la Fiesta del Folklore y la Tradici\u00f3n, un evento que asociar\u00e1 las ra\u00edces m\u00e1s profundas de nuestra tierra a trav\u00e9s de la m\u00fasica, el baile, las comidas y los aspectos identitarios que nos unen como pueblo.<\/strong><\/p>\n<p>Si bien la fecha que se celebra a nivel nacional es el 10 de noviembre y este a\u00f1os cae viernes -D\u00eda de la Tradici\u00f3n y en homenaje al nacimiento del poeta Jos\u00e9 Hern\u00e1ndez-, las actividades est\u00e1n planificadas para el s\u00e1bado 11 y domingo 12, para lo que la Direcci\u00f3n de Cultura comunic\u00f3 la grilla de espect\u00e1culos para ambas jornadas desde las 15, cuyos cierres estar\u00e1n a cargo de los espect\u00e1culos for\u00e1neos \u201cLa Voladura\u201d y \u201cDicos Tr\u00edo, respectivamente.<\/p>\n<p><strong>La jornada del s\u00e1bado se completar\u00e1 con la presentaci\u00f3n de \u201cLa Voladura\u201d<\/strong>, un grupo de Ayacucho que naci\u00f3 en el a\u00f1o 2020 con m\u00fasicos de diferentes g\u00e9neros, conformando un proyecto art\u00edstico grupal y priorizando la amistad junto a ese ambiente y clima pe\u00f1ero de distensi\u00f3n, disfrute e improvisaci\u00f3n.<\/p>\n<div id='gallery-1' class='gallery galleryid-104486 gallery-columns-2 gallery-size-medium'><figure class='gallery-item'>\n\t\t\t<div class='gallery-icon landscape'>\n\t\t\t\t<a href='https:\/\/primicias2262.com\/noticias\/el-fin-de-semana-habra-fiesta-del-folklore-en-la-plaza-dardo-rocha\/placa-grilla-sabado-11\/'><img loading=\"lazy\" decoding=\"async\" width=\"300\" height=\"300\" src=\"https:\/\/primicias2262.com\/noticias\/wp-content\/uploads\/2023\/11\/PLACA-grilla-sabado-11-300x300.jpeg\" class=\"attachment-medium size-medium\" alt=\"\" srcset=\"https:\/\/primicias2262.com\/noticias\/wp-content\/uploads\/2023\/11\/PLACA-grilla-sabado-11-300x300.jpeg 300w, https:\/\/primicias2262.com\/noticias\/wp-content\/uploads\/2023\/11\/PLACA-grilla-sabado-11-1024x1024.jpeg 1024w, https:\/\/primicias2262.com\/noticias\/wp-content\/uploads\/2023\/11\/PLACA-grilla-sabado-11-150x150.jpeg 150w, https:\/\/primicias2262.com\/noticias\/wp-content\/uploads\/2023\/11\/PLACA-grilla-sabado-11-768x768.jpeg 768w, https:\/\/primicias2262.com\/noticias\/wp-content\/uploads\/2023\/11\/PLACA-grilla-sabado-11-696x696.jpeg 696w, https:\/\/primicias2262.com\/noticias\/wp-content\/uploads\/2023\/11\/PLACA-grilla-sabado-11-1068x1068.jpeg 1068w, https:\/\/primicias2262.com\/noticias\/wp-content\/uploads\/2023\/11\/PLACA-grilla-sabado-11.jpeg 1080w\" sizes=\"auto, (max-width: 300px) 100vw, 300px\" \/><\/a>\n\t\t\t<\/div><\/figure><figure class='gallery-item'>\n\t\t\t<div class='gallery-icon landscape'>\n\t\t\t\t<a href='https:\/\/primicias2262.com\/noticias\/el-fin-de-semana-habra-fiesta-del-folklore-en-la-plaza-dardo-rocha\/la-voladura\/'><img loading=\"lazy\" decoding=\"async\" width=\"300\" height=\"225\" src=\"https:\/\/primicias2262.com\/noticias\/wp-content\/uploads\/2023\/11\/La-Voladura-300x225.jpeg\" class=\"attachment-medium size-medium\" alt=\"\" srcset=\"https:\/\/primicias2262.com\/noticias\/wp-content\/uploads\/2023\/11\/La-Voladura-300x225.jpeg 300w, https:\/\/primicias2262.com\/noticias\/wp-content\/uploads\/2023\/11\/La-Voladura-768x576.jpeg 768w, https:\/\/primicias2262.com\/noticias\/wp-content\/uploads\/2023\/11\/La-Voladura-150x113.jpeg 150w, https:\/\/primicias2262.com\/noticias\/wp-content\/uploads\/2023\/11\/La-Voladura-696x522.jpeg 696w, https:\/\/primicias2262.com\/noticias\/wp-content\/uploads\/2023\/11\/La-Voladura.jpeg 1024w\" sizes=\"auto, (max-width: 300px) 100vw, 300px\" \/><\/a>\n\t\t\t<\/div><\/figure>\n\t\t<\/div>\n\n<p>Durante estos a\u00f1os, la banda particip\u00f3 de diferentes escenarios a lo largo y ancho de nuestro pa\u00eds, siendo parte de diferentes pe\u00f1as y festivales a nivel nacional y provincial. Due\u00f1os de un estilo propio, el show de \u201cLa Voladura\u201d propone un viaje por distintos ritmos, sentimientos y testimonios de nuestra m\u00fasica folcl\u00f3rica entre chacareras, gatos, escondidos, zambas, chamam\u00e9, huaynos y mucho m\u00e1s.<\/p>\n<p>El grupo est\u00e1 integrado por Nacho Poli (Tandil) guitarra y voz; Bruno Walter (Olavarr\u00eda) en bater\u00eda; Jos\u00e9 Desimone (Ayacucho) en bajo; Luciano Ciganda (Ayacucho) en guitarra y voz; y Jose \u00abChino\u00bb Go\u00f1i (Ayacucho) en bombo y voz. A prop\u00f3sito de Ciganda, en 2022 la banda lo acompa\u00f1\u00f3 en su consagraci\u00f3n como ganador del certamen de Cosqu\u00edn en el rubro solista vocal.<\/p>\n<p><strong>En cuanto a la jornada del domingo, el cierre de la fiesta estar\u00e1 a cargo de \u201cDicos Tr\u00edo\u201d<\/strong>, integrado por Emmanuel Villarruel, Ezequiel Villarruel y Juan Manuel Dur\u00e1n, quienes se definen como un espect\u00e1culo festivalero y bailable, \u201cdonde homenajeamos cl\u00e1sicos del cancionero popular argentino\u201d.<\/p>\n<div id='gallery-2' class='gallery galleryid-104486 gallery-columns-2 gallery-size-medium'><figure class='gallery-item'>\n\t\t\t<div class='gallery-icon landscape'>\n\t\t\t\t<a href='https:\/\/primicias2262.com\/noticias\/el-fin-de-semana-habra-fiesta-del-folklore-en-la-plaza-dardo-rocha\/placa-grilla-domingo-12\/'><img loading=\"lazy\" decoding=\"async\" width=\"300\" height=\"300\" src=\"https:\/\/primicias2262.com\/noticias\/wp-content\/uploads\/2023\/11\/PLACA-grilla-domingo-12-300x300.jpeg\" class=\"attachment-medium size-medium\" alt=\"\" srcset=\"https:\/\/primicias2262.com\/noticias\/wp-content\/uploads\/2023\/11\/PLACA-grilla-domingo-12-300x300.jpeg 300w, https:\/\/primicias2262.com\/noticias\/wp-content\/uploads\/2023\/11\/PLACA-grilla-domingo-12-1024x1024.jpeg 1024w, https:\/\/primicias2262.com\/noticias\/wp-content\/uploads\/2023\/11\/PLACA-grilla-domingo-12-150x150.jpeg 150w, https:\/\/primicias2262.com\/noticias\/wp-content\/uploads\/2023\/11\/PLACA-grilla-domingo-12-768x768.jpeg 768w, https:\/\/primicias2262.com\/noticias\/wp-content\/uploads\/2023\/11\/PLACA-grilla-domingo-12-696x696.jpeg 696w, https:\/\/primicias2262.com\/noticias\/wp-content\/uploads\/2023\/11\/PLACA-grilla-domingo-12-1068x1068.jpeg 1068w, https:\/\/primicias2262.com\/noticias\/wp-content\/uploads\/2023\/11\/PLACA-grilla-domingo-12.jpeg 1080w\" sizes=\"auto, (max-width: 300px) 100vw, 300px\" \/><\/a>\n\t\t\t<\/div><\/figure><figure class='gallery-item'>\n\t\t\t<div class='gallery-icon landscape'>\n\t\t\t\t<a href='https:\/\/primicias2262.com\/noticias\/el-fin-de-semana-habra-fiesta-del-folklore-en-la-plaza-dardo-rocha\/dicos-trio\/'><img loading=\"lazy\" decoding=\"async\" width=\"300\" height=\"235\" src=\"https:\/\/primicias2262.com\/noticias\/wp-content\/uploads\/2023\/11\/Dicos-Trio-300x235.jpeg\" class=\"attachment-medium size-medium\" alt=\"\" srcset=\"https:\/\/primicias2262.com\/noticias\/wp-content\/uploads\/2023\/11\/Dicos-Trio-300x235.jpeg 300w, https:\/\/primicias2262.com\/noticias\/wp-content\/uploads\/2023\/11\/Dicos-Trio-150x117.jpeg 150w, https:\/\/primicias2262.com\/noticias\/wp-content\/uploads\/2023\/11\/Dicos-Trio.jpeg 534w\" sizes=\"auto, (max-width: 300px) 100vw, 300px\" \/><\/a>\n\t\t\t<\/div><\/figure>\n\t\t<\/div>\n\n<p>Anticiparon adem\u00e1s que \u201chacemos un recorrido musical por el norte de nuestro pa\u00eds con zambas, gatos y chacareras, y tambi\u00e9n interpretamos danzas tradicionales de nuestra zona que al d\u00eda de hoy no son tan tomadas en cuenta a la hora de interpretar\u201d.<\/p>\n<p>M\u00e1s all\u00e1 de lo musical, y mediante la convocatoria realizada durante las semanas anteriores por la Secretar\u00eda de Turismo y Desarrollo Productivo, vale destacar que la plaza del centro contar\u00e1 con puestos gastron\u00f3micos, emprendedores y productores regionales que le dar\u00e1n un marco bien popular a la Fiesta del Folklore y la Tradici\u00f3n.<\/p>\n","protected":false},"excerpt":{"rendered":"<p>Con la organizaci\u00f3n de la Direcci\u00f3n de Cultura, el venidero fin de semana la Plaza Dardo Rocha se vestir\u00e1 de celeste y blanco con la realizaci\u00f3n de la Fiesta del Folklore y la Tradici\u00f3n, un evento que asociar\u00e1 las ra\u00edces m\u00e1s profundas de nuestra tierra a trav\u00e9s de la m\u00fasica, el baile, las comidas y [&hellip;]<\/p>\n","protected":false},"author":3,"featured_media":101688,"comment_status":"open","ping_status":"open","sticky":false,"template":"","format":"standard","meta":{"footnotes":""},"categories":[3],"tags":[],"class_list":["post-104486","post","type-post","status-publish","format-standard","has-post-thumbnail","category-masnoticias"],"_links":{"self":[{"href":"https:\/\/primicias2262.com\/noticias\/wp-json\/wp\/v2\/posts\/104486","targetHints":{"allow":["GET"]}}],"collection":[{"href":"https:\/\/primicias2262.com\/noticias\/wp-json\/wp\/v2\/posts"}],"about":[{"href":"https:\/\/primicias2262.com\/noticias\/wp-json\/wp\/v2\/types\/post"}],"author":[{"embeddable":true,"href":"https:\/\/primicias2262.com\/noticias\/wp-json\/wp\/v2\/users\/3"}],"replies":[{"embeddable":true,"href":"https:\/\/primicias2262.com\/noticias\/wp-json\/wp\/v2\/comments?post=104486"}],"version-history":[{"count":2,"href":"https:\/\/primicias2262.com\/noticias\/wp-json\/wp\/v2\/posts\/104486\/revisions"}],"predecessor-version":[{"id":104517,"href":"https:\/\/primicias2262.com\/noticias\/wp-json\/wp\/v2\/posts\/104486\/revisions\/104517"}],"wp:featuredmedia":[{"embeddable":true,"href":"https:\/\/primicias2262.com\/noticias\/wp-json\/wp\/v2\/media\/101688"}],"wp:attachment":[{"href":"https:\/\/primicias2262.com\/noticias\/wp-json\/wp\/v2\/media?parent=104486"}],"wp:term":[{"taxonomy":"category","embeddable":true,"href":"https:\/\/primicias2262.com\/noticias\/wp-json\/wp\/v2\/categories?post=104486"},{"taxonomy":"post_tag","embeddable":true,"href":"https:\/\/primicias2262.com\/noticias\/wp-json\/wp\/v2\/tags?post=104486"}],"curies":[{"name":"wp","href":"https:\/\/api.w.org\/{rel}","templated":true}]}}