{"id":104502,"date":"2023-11-07T16:08:32","date_gmt":"2023-11-07T16:08:32","guid":{"rendered":"https:\/\/primicias2262.com\/noticias\/?p=104502"},"modified":"2023-11-09T11:27:52","modified_gmt":"2023-11-09T11:27:52","slug":"cardoni-explico-la-presentacion-de-solicitud-de-intervencion-de-la-usina-por-parte-de-oceba","status":"publish","type":"post","link":"https:\/\/primicias2262.com\/noticias\/cardoni-explico-la-presentacion-de-solicitud-de-intervencion-de-la-usina-por-parte-de-oceba\/","title":{"rendered":"Cardoni explic\u00f3 la presentaci\u00f3n de solicitud de intervenci\u00f3n de la Usina por parte de OCEBA"},"content":{"rendered":"<p><strong>El delegado local de la Defensor\u00eda del Pueblo de la Provincia dej\u00f3 en claro en \u201cVoces de la Ciudad\u201d que la solicitud del Organismo de Control de la energ\u00eda El\u00e9ctrica ante la distribuidora que est\u00e1 bajo su \u00f3rbita, la UPC, nada tiene que ver con la intervenci\u00f3n pol\u00edtica que se pretende desde el municipio para con la concesi\u00f3n de la Usina.<\/strong><\/p>\n<p>Por ello, en nota con el periodista Jorge G\u00f3mez, el Dr. Cardoni contextualiz\u00f3 la situaci\u00f3n. Para ello recapitul\u00f3 antes que nada que \u201ca principio de a\u00f1o recordar\u00e1n que el gobierno nacional informaba la necesidad de inscribirse al RASE, registro de segmentaci\u00f3n para obtener el subsidio en servicios de gas y luz, de acuerdo al ingreso de cada usuario. Por negligencia de algunos usuarios o por falta de comunicaci\u00f3n muchos no realizaron el tr\u00e1mite y la norma era bien clara: a los que no lo realizaran se les iba a facturar el servicio de energ\u00eda el\u00e9ctrica como Nivel 1, que es ingresos altos\u201d.<\/p>\n<p>En consecuencia, \u201cen los meses fr\u00edos empezaron a llegar a la Defensor\u00eda personas con tarifas abultad\u00edsimas, en raz\u00f3n de lo cual la Secretar\u00eda de Energ\u00eda de la Naci\u00f3n, a trav\u00e9s de la Resoluci\u00f3n n\u00ba 576 y en amparo de la situaci\u00f3n, estipul\u00f3 que aquellas personas que no hab\u00edan hecho el tr\u00e1mite de segmentaci\u00f3n deb\u00edan realizarlo y presentando el certificado de la inscripci\u00f3n en la distribuidora el\u00e9ctrica, \u00e9sta deb\u00eda refacturarle al 1\u00ba de junio con la categor\u00eda que a partir de esa inscripci\u00f3n ten\u00eda el usuario\u201d. Es decir, \u201cten\u00edas que presentar la declaraci\u00f3n jurada con los ingresos que ten\u00e9s y a partir de ah\u00ed te otorgan el nivel 1 o nivel 2, que es el de ingresos menores, mientras que el nivel 3 es ingresos medios\u201d.<\/p>\n<p>Inclusive, ampli\u00f3 Cardoni que \u201ca las personas de nivel 3 que no tienen gas natural en zona fr\u00eda se les otorga 800 kilowatts al precio plano m\u00e1s barato, y para ambos casos la distribuidora el\u00e9ctrica tiene que refacturar al 1\u00ba de junio, tanto al nivel 2 como al nivel 3 sin gas natural en zona fr\u00eda\u201d.<\/p>\n<p>Pero mientras que la UPC sali\u00f3 a decir que se estaba haciendo la refacturaci\u00f3n, el delegado de la Defensor\u00eda revel\u00f3 que \u201cpor intermedio del Defensor del Pueblo de la provincia, Dr. Guido Lorenzino, se confeccionaron dos notas modelo para que los usuarios se acerquen a las delegaciones de la Defensor\u00eda, nosotros de las completamos y ellos deben presentarlas en la cooperativa el\u00e9ctrica o en la distribuidora el\u00e9ctrica, y \u00e9sta cumpliendo la normativa debe refacturar al 1\u00ba de junio, pero nos encontramos con que en easo del nivel 2 ni siquiera les recib\u00edan la nota que los vecinos llevaban a la Usina\u201d.<\/p>\n<p><a href=\"https:\/\/primicias2262.com\/noticias\/wp-content\/uploads\/2023\/11\/cardoni.jpg\"><img loading=\"lazy\" decoding=\"async\" class=\"aligncenter size-full wp-image-104503\" src=\"https:\/\/primicias2262.com\/noticias\/wp-content\/uploads\/2023\/11\/cardoni.jpg\" alt=\"\" width=\"880\" height=\"512\" srcset=\"https:\/\/primicias2262.com\/noticias\/wp-content\/uploads\/2023\/11\/cardoni.jpg 880w, https:\/\/primicias2262.com\/noticias\/wp-content\/uploads\/2023\/11\/cardoni-300x175.jpg 300w, https:\/\/primicias2262.com\/noticias\/wp-content\/uploads\/2023\/11\/cardoni-768x447.jpg 768w, https:\/\/primicias2262.com\/noticias\/wp-content\/uploads\/2023\/11\/cardoni-150x87.jpg 150w, https:\/\/primicias2262.com\/noticias\/wp-content\/uploads\/2023\/11\/cardoni-696x405.jpg 696w\" sizes=\"auto, (max-width: 880px) 100vw, 880px\" \/><\/a>Asimismo, \u201cen el caso del nivel 3 les tomaban la nota pero al d\u00eda de la fecha no hay ning\u00fan tipo de respuesta, y en las nuevas facturas les siguen llegando con el nivel 1\u201d, por lo que confirm\u00f3 que \u201cante esta falta de cumplimiento con una normativa nacional, por informaci\u00f3n del OCEBA (\u00d3rgano de Control de la Energ\u00eda El\u00e9ctrica de Buenos Aires), la UPC fue notificada el 4 de septiembre y han transcurrido dos meses en incumplimiento\u201d.<\/p>\n<p>En cuanto al rol local de la delegaci\u00f3n, Cardoni se\u00f1al\u00f3 que \u201ccontamos con pocas herramientas, entre ellas la de solicitud de intervenci\u00f3n, y esto ha tra\u00eddo un poco de confusi\u00f3n con lo que surgi\u00f3 de la Municipalidad\u201d, pero lo cierto es que \u201cla solicitud de intervenci\u00f3n es una herramienta con la que cuenta la Defensor\u00eda del Pueblo de la Provincia, que lo \u00fanico que hace es advertirle a tal organismo (la UPC en este caso) que debe intervenir en tal situaci\u00f3n porque es su competencia\u201d.<\/p>\n<p>Por consiguiente, afirm\u00f3 que \u201cderivamos todos los reclamos que tenemos en la delegaci\u00f3n local y desde el \u00e1rea de Servicios P\u00fablicos de la Defensor\u00eda se presenta ante el directorio de la OCEBA una solicitud de intervenci\u00f3n para que intime a la Usina Popular Cooperativa a ajustarse a derecho para garantizarle a los usuarios el derecho que se les asigna por la resoluci\u00f3n n\u00ba 576\u201d, a lo que agreg\u00f3 que \u201cnosotros siempre actuamos ante la vulneraci\u00f3n de los derechos de un ciudadano, y en este caso hay una vulneraci\u00f3n espec\u00edfica ante el no cumplimiento de una resoluci\u00f3n nacional por parte de la UPC\u201d.<\/p>\n<p>\u201cDe casualidad se dio que surgi\u00f3 el otro tema de la intervenci\u00f3n pedida por el intendente\u201d, asegur\u00f3 Cardoni, para volver a confirmar sobre el cierre \u201cla presentaci\u00f3n formal de solicitud de intervenci\u00f3n, que en este caso es el \u00f3rgano de control de la energ\u00eda el\u00e9ctrica (OCEBA) sobre una distribuidora que est\u00e1 bajo su \u00f3rbita\u201d, y nada tiene que ver con la intervenci\u00f3n pol\u00edtica del municipio como concesionario.<\/p>\n","protected":false},"excerpt":{"rendered":"<p>El delegado local de la Defensor\u00eda del Pueblo de la Provincia dej\u00f3 en claro en \u201cVoces de la Ciudad\u201d que la solicitud del Organismo de Control de la energ\u00eda El\u00e9ctrica ante la distribuidora que est\u00e1 bajo su \u00f3rbita, la UPC, nada tiene que ver con la intervenci\u00f3n pol\u00edtica que se pretende desde el municipio para [&hellip;]<\/p>\n","protected":false},"author":3,"featured_media":104504,"comment_status":"open","ping_status":"open","sticky":false,"template":"","format":"standard","meta":{"footnotes":""},"categories":[3],"tags":[],"class_list":["post-104502","post","type-post","status-publish","format-standard","has-post-thumbnail","category-masnoticias"],"_links":{"self":[{"href":"https:\/\/primicias2262.com\/noticias\/wp-json\/wp\/v2\/posts\/104502","targetHints":{"allow":["GET"]}}],"collection":[{"href":"https:\/\/primicias2262.com\/noticias\/wp-json\/wp\/v2\/posts"}],"about":[{"href":"https:\/\/primicias2262.com\/noticias\/wp-json\/wp\/v2\/types\/post"}],"author":[{"embeddable":true,"href":"https:\/\/primicias2262.com\/noticias\/wp-json\/wp\/v2\/users\/3"}],"replies":[{"embeddable":true,"href":"https:\/\/primicias2262.com\/noticias\/wp-json\/wp\/v2\/comments?post=104502"}],"version-history":[{"count":2,"href":"https:\/\/primicias2262.com\/noticias\/wp-json\/wp\/v2\/posts\/104502\/revisions"}],"predecessor-version":[{"id":104516,"href":"https:\/\/primicias2262.com\/noticias\/wp-json\/wp\/v2\/posts\/104502\/revisions\/104516"}],"wp:featuredmedia":[{"embeddable":true,"href":"https:\/\/primicias2262.com\/noticias\/wp-json\/wp\/v2\/media\/104504"}],"wp:attachment":[{"href":"https:\/\/primicias2262.com\/noticias\/wp-json\/wp\/v2\/media?parent=104502"}],"wp:term":[{"taxonomy":"category","embeddable":true,"href":"https:\/\/primicias2262.com\/noticias\/wp-json\/wp\/v2\/categories?post=104502"},{"taxonomy":"post_tag","embeddable":true,"href":"https:\/\/primicias2262.com\/noticias\/wp-json\/wp\/v2\/tags?post=104502"}],"curies":[{"name":"wp","href":"https:\/\/api.w.org\/{rel}","templated":true}]}}