{"id":104508,"date":"2023-11-08T14:45:31","date_gmt":"2023-11-08T14:45:31","guid":{"rendered":"https:\/\/primicias2262.com\/noticias\/?p=104508"},"modified":"2023-11-09T16:27:43","modified_gmt":"2023-11-09T16:27:43","slug":"ave-fenix-sociedad-espanola-es-subcampeon-regional-de-clubes-2023","status":"publish","type":"post","link":"https:\/\/primicias2262.com\/noticias\/ave-fenix-sociedad-espanola-es-subcampeon-regional-de-clubes-2023\/","title":{"rendered":"Ave F\u00e9nix Sociedad Espa\u00f1ola es subcampe\u00f3n regional de clubes 2023"},"content":{"rendered":"<p><strong>El pasado domingo 5 de noviembre, en las instalaciones de la Sociedad de Fomento Uni\u00f3n y Progreso de la vecina ciudad de Tandil, se llev\u00f3 a cabo el cierre del campeonato anual de la Asociaci\u00f3n tandilense de pat\u00edn. El equipo de pat\u00edn art\u00edstico local que representa a la Sociedad Espa\u00f1ola, asisti\u00f3 con la presentaci\u00f3n de coreograf\u00edas grupales para el show interclubes previo a la premiaci\u00f3n del corriente a\u00f1o.<\/strong><\/p>\n<p>A su vez, tuvieron la posibilidad de compartir pista con el equipo de precisi\u00f3n bahiense Roller Dreams, actuales campeonas del mundo.<\/p>\n<p>Al momento de la premiaci\u00f3n, los resultados del a\u00f1o de los patinadores fue el siguiente:<\/p>\n<p>Campeones ATP<\/p>\n<p>Kenji Farias Morillo, Lucila Gonz\u00e1lez Mainardi, Agustina Estarli, Sof\u00eda M\u00e9ndez, Avril Saibene, Lola Rodr\u00edguez Barbieri.<\/p>\n<p>Subcampeonas ATP<br \/>\nNatal\u00ed Altfater Jim\u00e9nez, Catalina Busechian, Lara Ibarguren, Clara Yepes, Santiago Alonso.<\/p>\n<p>Bronce ATP: Delfina Alonso, Francisco Cerdeira Castillo<\/p>\n<p>4\u00b0 puesto ATP: Iara Ferreyra M\u00f6ller, Zaida Reinhart, \u00c1mbar Rodr\u00edguez Rojo.<\/p>\n<p>5\u00b0 puesto ATP: Valentina Nahas<\/p>\n<p>Menciones ATP: Emilia Villarreal, Agustina Ag\u00fcero Luchetta, Milagros Scabone, Lara Leonardis, Julia Guti\u00e9rrez, Agostina Lapolla, Angelina Ernst, Alma Cami\u00f1a y Gimena Gonz\u00e1lez Procopio.<\/p>\n<p><a href=\"https:\/\/primicias2262.com\/noticias\/wp-content\/uploads\/2023\/11\/WhatsApp-Image-2023-11-07-at-11.46.14-AM.jpeg\"><img loading=\"lazy\" decoding=\"async\" class=\"aligncenter size-full wp-image-104511\" src=\"https:\/\/primicias2262.com\/noticias\/wp-content\/uploads\/2023\/11\/WhatsApp-Image-2023-11-07-at-11.46.14-AM.jpeg\" alt=\"\" width=\"1600\" height=\"1200\" srcset=\"https:\/\/primicias2262.com\/noticias\/wp-content\/uploads\/2023\/11\/WhatsApp-Image-2023-11-07-at-11.46.14-AM.jpeg 1600w, https:\/\/primicias2262.com\/noticias\/wp-content\/uploads\/2023\/11\/WhatsApp-Image-2023-11-07-at-11.46.14-AM-300x225.jpeg 300w, https:\/\/primicias2262.com\/noticias\/wp-content\/uploads\/2023\/11\/WhatsApp-Image-2023-11-07-at-11.46.14-AM-1024x768.jpeg 1024w, https:\/\/primicias2262.com\/noticias\/wp-content\/uploads\/2023\/11\/WhatsApp-Image-2023-11-07-at-11.46.14-AM-768x576.jpeg 768w, https:\/\/primicias2262.com\/noticias\/wp-content\/uploads\/2023\/11\/WhatsApp-Image-2023-11-07-at-11.46.14-AM-1536x1152.jpeg 1536w, https:\/\/primicias2262.com\/noticias\/wp-content\/uploads\/2023\/11\/WhatsApp-Image-2023-11-07-at-11.46.14-AM-150x113.jpeg 150w, https:\/\/primicias2262.com\/noticias\/wp-content\/uploads\/2023\/11\/WhatsApp-Image-2023-11-07-at-11.46.14-AM-696x522.jpeg 696w, https:\/\/primicias2262.com\/noticias\/wp-content\/uploads\/2023\/11\/WhatsApp-Image-2023-11-07-at-11.46.14-AM-1068x801.jpeg 1068w\" sizes=\"auto, (max-width: 1600px) 100vw, 1600px\" \/><\/a>Por sumatoria de puntos, Ave F\u00e9nix de Sociedad Espa\u00f1ola se consagr\u00f3 subcampe\u00f3n regional por segundo a\u00f1o consecutivo.<\/p>\n<p>En el cuerpo t\u00e9cnico y directivos reinan la emoci\u00f3n y el orgullo, no solo por haber mantenido el t\u00edtulo del 2022, sino tambi\u00e9n por haberlo logrado teniendo en cuenta que la ATP este a\u00f1o incorpor\u00f3 5 instituciones nuevas. Esto habla de un crecimiento exponencial del patinaje local y regional, para el que se viene trabajando hace much\u00edsimos a\u00f1os.<\/p>\n<p><strong>\u00daltimo nacional del a\u00f1o<\/strong><\/p>\n<p>Por \u00faltimo, el pr\u00f3ximo fin de semana ser\u00e1 la cita para Kenji Farias Morillo en la primera edici\u00f3n de la historia del Campeonato Argentino Absoluto, la gran final nacional de la divisional A, B e internacional para la cual el patinador clasific\u00f3 en la provincia de Mendoza el pasado mes de abril.<\/p>\n<p>Agradecemos la presencia de las familias y el acompa\u00f1amiento incondicional de la Sociedad Espa\u00f1ola de Socorros Mutuos en cada uno de nuestros eventos, flamante instituci\u00f3n local que est\u00e1 pr\u00f3xima a celebrar sus 140 a\u00f1os de vida.<\/p>\n<p><a href=\"https:\/\/primicias2262.com\/noticias\/wp-content\/uploads\/2023\/11\/patin-ave-fenix2.jpeg\"><img loading=\"lazy\" decoding=\"async\" class=\"aligncenter size-full wp-image-104510\" src=\"https:\/\/primicias2262.com\/noticias\/wp-content\/uploads\/2023\/11\/patin-ave-fenix2.jpeg\" alt=\"\" width=\"1600\" height=\"1201\" srcset=\"https:\/\/primicias2262.com\/noticias\/wp-content\/uploads\/2023\/11\/patin-ave-fenix2.jpeg 1600w, https:\/\/primicias2262.com\/noticias\/wp-content\/uploads\/2023\/11\/patin-ave-fenix2-300x225.jpeg 300w, https:\/\/primicias2262.com\/noticias\/wp-content\/uploads\/2023\/11\/patin-ave-fenix2-1024x769.jpeg 1024w, https:\/\/primicias2262.com\/noticias\/wp-content\/uploads\/2023\/11\/patin-ave-fenix2-768x576.jpeg 768w, https:\/\/primicias2262.com\/noticias\/wp-content\/uploads\/2023\/11\/patin-ave-fenix2-1536x1153.jpeg 1536w, https:\/\/primicias2262.com\/noticias\/wp-content\/uploads\/2023\/11\/patin-ave-fenix2-150x113.jpeg 150w, https:\/\/primicias2262.com\/noticias\/wp-content\/uploads\/2023\/11\/patin-ave-fenix2-696x522.jpeg 696w, https:\/\/primicias2262.com\/noticias\/wp-content\/uploads\/2023\/11\/patin-ave-fenix2-1068x802.jpeg 1068w\" sizes=\"auto, (max-width: 1600px) 100vw, 1600px\" \/><\/a><\/p>\n","protected":false},"excerpt":{"rendered":"<p>El pasado domingo 5 de noviembre, en las instalaciones de la Sociedad de Fomento Uni\u00f3n y Progreso de la vecina ciudad de Tandil, se llev\u00f3 a cabo el cierre del campeonato anual de la Asociaci\u00f3n tandilense de pat\u00edn. El equipo de pat\u00edn art\u00edstico local que representa a la Sociedad Espa\u00f1ola, asisti\u00f3 con la presentaci\u00f3n de [&hellip;]<\/p>\n","protected":false},"author":3,"featured_media":104509,"comment_status":"open","ping_status":"open","sticky":false,"template":"","format":"standard","meta":{"footnotes":""},"categories":[3],"tags":[],"class_list":["post-104508","post","type-post","status-publish","format-standard","has-post-thumbnail","category-masnoticias"],"_links":{"self":[{"href":"https:\/\/primicias2262.com\/noticias\/wp-json\/wp\/v2\/posts\/104508","targetHints":{"allow":["GET"]}}],"collection":[{"href":"https:\/\/primicias2262.com\/noticias\/wp-json\/wp\/v2\/posts"}],"about":[{"href":"https:\/\/primicias2262.com\/noticias\/wp-json\/wp\/v2\/types\/post"}],"author":[{"embeddable":true,"href":"https:\/\/primicias2262.com\/noticias\/wp-json\/wp\/v2\/users\/3"}],"replies":[{"embeddable":true,"href":"https:\/\/primicias2262.com\/noticias\/wp-json\/wp\/v2\/comments?post=104508"}],"version-history":[{"count":2,"href":"https:\/\/primicias2262.com\/noticias\/wp-json\/wp\/v2\/posts\/104508\/revisions"}],"predecessor-version":[{"id":104529,"href":"https:\/\/primicias2262.com\/noticias\/wp-json\/wp\/v2\/posts\/104508\/revisions\/104529"}],"wp:featuredmedia":[{"embeddable":true,"href":"https:\/\/primicias2262.com\/noticias\/wp-json\/wp\/v2\/media\/104509"}],"wp:attachment":[{"href":"https:\/\/primicias2262.com\/noticias\/wp-json\/wp\/v2\/media?parent=104508"}],"wp:term":[{"taxonomy":"category","embeddable":true,"href":"https:\/\/primicias2262.com\/noticias\/wp-json\/wp\/v2\/categories?post=104508"},{"taxonomy":"post_tag","embeddable":true,"href":"https:\/\/primicias2262.com\/noticias\/wp-json\/wp\/v2\/tags?post=104508"}],"curies":[{"name":"wp","href":"https:\/\/api.w.org\/{rel}","templated":true}]}}