{"id":104513,"date":"2023-11-08T14:08:03","date_gmt":"2023-11-08T14:08:03","guid":{"rendered":"https:\/\/primicias2262.com\/noticias\/?p=104513"},"modified":"2023-11-10T11:55:22","modified_gmt":"2023-11-10T11:55:22","slug":"carlos-alvarez-informo-precios-de-articulos-de-playa-y-definio-que-es-lindo-extender-la-temporada","status":"publish","type":"post","link":"https:\/\/primicias2262.com\/noticias\/carlos-alvarez-informo-precios-de-articulos-de-playa-y-definio-que-es-lindo-extender-la-temporada\/","title":{"rendered":"Carlos \u00c1lvarez inform\u00f3 precios de art\u00edculos de playa y defini\u00f3 que \u201ces lindo extender la temporada\u201d"},"content":{"rendered":"<p><strong>El titular de Ferreter\u00eda de la Costa, en Av. 2 entre 83 y 85, Carlos \u00c1lvarez, dio detalles de c\u00f3mo vienen los precios para dotarse de elementos de playa y observ\u00f3 con buenos ojos que los locales y balnearios empiezan a preprarse con anticipaci\u00f3n, y no esperan a hacerlo reci\u00e9n en diciembre.<\/strong><\/p>\n<p>Ferreter\u00eda de la Costa es un negocio referente de la Villa Balnearia, y su titular pas\u00f3 por \u201cVoces de la Ciudad\u201d para informarle al periodista Hugo Arroyo y la audiencia que para este verano por ejemplo, \u201cuna reposera de aluminio liviana, que no se oxida, tiene cinco posiciones y dura mucho est\u00e1 a partir de 22 mil pesos; mientras que un silloncito de hierro alto, de cintas a partir de 13.500 pesos\u201d.<\/p>\n<p>Luego sigui\u00f3 repasando m\u00e1s art\u00edculos y apunt\u00f3 que \u201csombrillas hay a partir de 8 mil pesos, que es la m\u00e1s com\u00fan como para salir del paso; algo bueno est\u00e1 a partir de 18 mil pesos y la l\u00ednea de sombrillas de aluminio a partir de 45 mil pesos. Lo bueno de la l\u00ednea de aluminio es que invert\u00eds una vez y te olvid\u00e1s, pueden pasar 15 a\u00f1os y tener la misma sombrilla. Se entregan todas con funda, soga y estaca\u201d.<\/p>\n<p>Adem\u00e1s, otros elementos como el saca arena est\u00e1 a 2500 pesos, y lo mismo alg\u00fan juego de baldecitos y palita, a 2500 o 3 mil pesos.<\/p>\n<p>En cuanto a la expectativa que tiene, se\u00f1al\u00f3 \u00c1lvarez que \u201cesta es una \u00e9poca linda porque todav\u00eda no est\u00e1 la locura del verano, pero en fines de semana el movimiento empieza un poco m\u00e1s fuerte, ha habido muchos tours de chicos, el torneo de v\u00f3ley y eso es un empuje al verano para armar los negocios\u201d.<\/p>\n<p>En ese aspecto, valor\u00f3 que \u201cya se empiezan a armar y acomodar los balnearios y tambi\u00e9n los locales, y eso es bueno porque en una \u00e9poca se empezaba reci\u00e9n en diciembre pero ahora se hace con m\u00e1s anticipaci\u00f3n. Es lindo extender la temporada y cuando viene alguien de afuera recibirlo con todo armado ya a partir del 1\u00ba de diciembre\u201d.<\/p>\n<p>Asegur\u00f3 que ahora la gente viene m\u00e1s en lapsos cortos y se ven muchos turistas, un 60% vienen de afuera y van reservando hoteles. \u201cCuando van a la ferreter\u00eda lo que m\u00e1s se escucha es que la limpieza se nota m\u00e1s, que ven que pasan todos los d\u00edas los barrenderos y que no hay suciedad en la costa, por lo que hay que felicitar a los chicos que trabajan porque lo hacen de verdad\u201d.<\/p>\n<p>Finalmente, se lo consult\u00f3 por la parte comercial, acerca de lo que defini\u00f3 que \u201ces un tema que te satura porque no pod\u00e9s creer c\u00f3mo todos los d\u00edas estamos con cambio de precios. Yo tengo el negocio hace 13 a\u00f1os y nunca me pas\u00f3 esto, hay veces que te satura y te cansa la realidad, al borde de querer dejar, pero hay que seguir adelante\u201d.<\/p>\n","protected":false},"excerpt":{"rendered":"<p>El titular de Ferreter\u00eda de la Costa, en Av. 2 entre 83 y 85, Carlos \u00c1lvarez, dio detalles de c\u00f3mo vienen los precios para dotarse de elementos de playa y observ\u00f3 con buenos ojos que los locales y balnearios empiezan a preprarse con anticipaci\u00f3n, y no esperan a hacerlo reci\u00e9n en diciembre. Ferreter\u00eda de la [&hellip;]<\/p>\n","protected":false},"author":3,"featured_media":104515,"comment_status":"open","ping_status":"open","sticky":false,"template":"","format":"standard","meta":{"footnotes":""},"categories":[3],"tags":[],"class_list":["post-104513","post","type-post","status-publish","format-standard","has-post-thumbnail","category-masnoticias"],"_links":{"self":[{"href":"https:\/\/primicias2262.com\/noticias\/wp-json\/wp\/v2\/posts\/104513","targetHints":{"allow":["GET"]}}],"collection":[{"href":"https:\/\/primicias2262.com\/noticias\/wp-json\/wp\/v2\/posts"}],"about":[{"href":"https:\/\/primicias2262.com\/noticias\/wp-json\/wp\/v2\/types\/post"}],"author":[{"embeddable":true,"href":"https:\/\/primicias2262.com\/noticias\/wp-json\/wp\/v2\/users\/3"}],"replies":[{"embeddable":true,"href":"https:\/\/primicias2262.com\/noticias\/wp-json\/wp\/v2\/comments?post=104513"}],"version-history":[{"count":1,"href":"https:\/\/primicias2262.com\/noticias\/wp-json\/wp\/v2\/posts\/104513\/revisions"}],"predecessor-version":[{"id":104514,"href":"https:\/\/primicias2262.com\/noticias\/wp-json\/wp\/v2\/posts\/104513\/revisions\/104514"}],"wp:featuredmedia":[{"embeddable":true,"href":"https:\/\/primicias2262.com\/noticias\/wp-json\/wp\/v2\/media\/104515"}],"wp:attachment":[{"href":"https:\/\/primicias2262.com\/noticias\/wp-json\/wp\/v2\/media?parent=104513"}],"wp:term":[{"taxonomy":"category","embeddable":true,"href":"https:\/\/primicias2262.com\/noticias\/wp-json\/wp\/v2\/categories?post=104513"},{"taxonomy":"post_tag","embeddable":true,"href":"https:\/\/primicias2262.com\/noticias\/wp-json\/wp\/v2\/tags?post=104513"}],"curies":[{"name":"wp","href":"https:\/\/api.w.org\/{rel}","templated":true}]}}