{"id":104522,"date":"2023-11-09T16:02:41","date_gmt":"2023-11-09T16:02:41","guid":{"rendered":"https:\/\/primicias2262.com\/noticias\/?p=104522"},"modified":"2023-11-10T12:35:22","modified_gmt":"2023-11-10T12:35:22","slug":"comienza-este-viernes-el-servicio-de-guardavidas-municipales","status":"publish","type":"post","link":"https:\/\/primicias2262.com\/noticias\/comienza-este-viernes-el-servicio-de-guardavidas-municipales\/","title":{"rendered":"Comienza este viernes el servicio de Guardavidas municipales"},"content":{"rendered":"<div class=\"elementor-element elementor-element-38a37d5 elementor-widget elementor-widget-theme-post-content\" data-id=\"38a37d5\" data-element_type=\"widget\" data-widget_type=\"theme-post-content.default\">\n<div class=\"elementor-widget-container\">\n<p><strong>Se informa el funcionamiento inicial del servicio municipal de guardavidas hasta el 30 de noviembre, tras lo que se ampliar\u00e1 el mismo.<\/strong><\/p>\n<p>La cobertura del servicio de guardavidas municipales, cuya Jefatura depende de la Secretar\u00eda de Gobierno, a cargo de Jorge Mart\u00ednez, comenzar\u00e1 este viernes 10 de noviembre de 9 a 20 hs. en diferentes puestos de las playas de Necochea y Quequ\u00e9n hasta el jueves 30, inclusive, tras lo cual se ampliar\u00e1 el servicio.<\/p>\n<p><strong>La cobertura con alrededor de 90 guardavidas del 10 al 30\/11 de 9 a 20 hs. ser\u00e1 de la siguiente manera:<\/strong><\/p>\n<p><strong>Necochea<\/strong><\/p>\n<p>Puesto Los Patos<br \/>\nPuesto 69 (solo de tarde)<br \/>\nPuesto 75<br \/>\nPuesto 79<br \/>\nPuesto 83 (rambla)<br \/>\nPuesto 87<br \/>\nPuesto 91<br \/>\nACA\/Zeus (bajada p\u00fablica)<br \/>\nPuesto Sahara\/Zeus<br \/>\nPuesto Neptuno<br \/>\nPuesto Neco<br \/>\nPuesto Sotavento<br \/>\nCamping Miguel Lillo<br \/>\nKabryl<\/p>\n<p><strong>Quequ\u00e9n<\/strong><\/p>\n<p>Puesto Casilla (Escollera)<br \/>\nPuesto medio (502 y 521)<br \/>\nBajada p\u00fablica 502 y 53<\/p>\n<\/div>\n<\/div>\n","protected":false},"excerpt":{"rendered":"<p>Se informa el funcionamiento inicial del servicio municipal de guardavidas hasta el 30 de noviembre, tras lo que se ampliar\u00e1 el mismo. La cobertura del servicio de guardavidas municipales, cuya Jefatura depende de la Secretar\u00eda de Gobierno, a cargo de Jorge Mart\u00ednez, comenzar\u00e1 este viernes 10 de noviembre de 9 a 20 hs. en diferentes [&hellip;]<\/p>\n","protected":false},"author":3,"featured_media":104523,"comment_status":"open","ping_status":"open","sticky":false,"template":"","format":"standard","meta":{"footnotes":""},"categories":[3],"tags":[],"class_list":["post-104522","post","type-post","status-publish","format-standard","has-post-thumbnail","category-masnoticias"],"_links":{"self":[{"href":"https:\/\/primicias2262.com\/noticias\/wp-json\/wp\/v2\/posts\/104522","targetHints":{"allow":["GET"]}}],"collection":[{"href":"https:\/\/primicias2262.com\/noticias\/wp-json\/wp\/v2\/posts"}],"about":[{"href":"https:\/\/primicias2262.com\/noticias\/wp-json\/wp\/v2\/types\/post"}],"author":[{"embeddable":true,"href":"https:\/\/primicias2262.com\/noticias\/wp-json\/wp\/v2\/users\/3"}],"replies":[{"embeddable":true,"href":"https:\/\/primicias2262.com\/noticias\/wp-json\/wp\/v2\/comments?post=104522"}],"version-history":[{"count":3,"href":"https:\/\/primicias2262.com\/noticias\/wp-json\/wp\/v2\/posts\/104522\/revisions"}],"predecessor-version":[{"id":104562,"href":"https:\/\/primicias2262.com\/noticias\/wp-json\/wp\/v2\/posts\/104522\/revisions\/104562"}],"wp:featuredmedia":[{"embeddable":true,"href":"https:\/\/primicias2262.com\/noticias\/wp-json\/wp\/v2\/media\/104523"}],"wp:attachment":[{"href":"https:\/\/primicias2262.com\/noticias\/wp-json\/wp\/v2\/media?parent=104522"}],"wp:term":[{"taxonomy":"category","embeddable":true,"href":"https:\/\/primicias2262.com\/noticias\/wp-json\/wp\/v2\/categories?post=104522"},{"taxonomy":"post_tag","embeddable":true,"href":"https:\/\/primicias2262.com\/noticias\/wp-json\/wp\/v2\/tags?post=104522"}],"curies":[{"name":"wp","href":"https:\/\/api.w.org\/{rel}","templated":true}]}}