{"id":104527,"date":"2023-11-09T16:27:36","date_gmt":"2023-11-09T16:27:36","guid":{"rendered":"https:\/\/primicias2262.com\/noticias\/?p=104527"},"modified":"2023-11-10T14:21:34","modified_gmt":"2023-11-10T14:21:34","slug":"uber-es-una-actividad-que-consideramos-ilegal-y-ante-algun-caso-se-intervendra-y-se-hara-la-multa","status":"publish","type":"post","link":"https:\/\/primicias2262.com\/noticias\/uber-es-una-actividad-que-consideramos-ilegal-y-ante-algun-caso-se-intervendra-y-se-hara-la-multa\/","title":{"rendered":"\u201cUber es una actividad que consideramos ilegal y ante alg\u00fan caso se intervendr\u00e1 y se har\u00e1 la multa\u201d"},"content":{"rendered":"<p><strong>En voz del Departamento Ejecutivo Municipal, el secretario de Gobierno, Jorge Mart\u00ednez, confirm\u00f3 en \u201cVoces de la ciudad\u201d c\u00f3mo proceder\u00e1n si constatan alg\u00fan caso de Uber en el n\u00facleo urbano. Por estas horas mantiene audiencia con remiseros preocupados por la cuesti\u00f3n.<\/strong><\/p>\n<p>Ante la consulta del periodista Jorge G\u00f3mez, Mart\u00ednez fue contundente al aclarar que \u201cUber permitido no est\u00e1 porque no est\u00e1 regulado por ordenanza\u2026 nosotros tenemos regulado el transporte p\u00fablico de pasajeros, taxis y remises, cada uno tiene su ordenanza con sus requisitos en cuanto a la habilitaci\u00f3n de los veh\u00edculos y choferes, as\u00ed que no existe ninguna relaci\u00f3n para este tipo de actividad que nosotros consideramos ilegal porque no cumple con los requisitos establecidos\u201d.<\/p>\n<p>Incluso ampli\u00f3 que \u201cno ha habido ning\u00fan tipo de comunicaci\u00f3n formal de la empresa hacia el municipio como corresponder\u00eda\u201d, as\u00ed que \u201ca medida que vayamos recibiendo denuncias y pesquemos alg\u00fan caso se intervendr\u00e1 y se le har\u00e1 la multa\u201d, afirm\u00f3 el funcionario\u201d.<\/p>\n<p>Seguidamente insisti\u00f3 en que \u201ctiene que quedar claro que Uber no est\u00e1 habilitado por el municipio en ning\u00fan tipo de ordenanza\u201d, aunque reconoci\u00f3 que en la inspecci\u00f3n diaria \u201cson cuestiones que en la pr\u00e1ctica son dif\u00edciles de mostrar, pero si tenemos alguna denuncia puntual de que un auto est\u00e1 trabajando con Uber seguramente haremos el operativo necesario para constarlo y multar\u201d.<\/p>\n<p>El secretario se\u00f1al\u00f3 que se reun\u00eda con remiseros por estas horas en referencia a esta modalidad de Uber, acerca de lo que concluy\u00f3 que \u201cesto es muy nuevo en la ciudad e iremos tomando conocimiento de aquellas ciudades donde ya est\u00e1 la problem\u00e1tica. Se ver\u00e1 con el tiempo si esto recala en Necochea y hay una cantidad suficiente para hacer una ordenanza, pero lo cierto es que no hay muchos municipios donde est\u00e9 regulado\u201d.<\/p>\n","protected":false},"excerpt":{"rendered":"<p>En voz del Departamento Ejecutivo Municipal, el secretario de Gobierno, Jorge Mart\u00ednez, confirm\u00f3 en \u201cVoces de la ciudad\u201d c\u00f3mo proceder\u00e1n si constatan alg\u00fan caso de Uber en el n\u00facleo urbano. Por estas horas mantiene audiencia con remiseros preocupados por la cuesti\u00f3n. Ante la consulta del periodista Jorge G\u00f3mez, Mart\u00ednez fue contundente al aclarar que \u201cUber [&hellip;]<\/p>\n","protected":false},"author":3,"featured_media":103967,"comment_status":"open","ping_status":"open","sticky":false,"template":"","format":"standard","meta":{"footnotes":""},"categories":[3],"tags":[],"class_list":["post-104527","post","type-post","status-publish","format-standard","has-post-thumbnail","category-masnoticias"],"_links":{"self":[{"href":"https:\/\/primicias2262.com\/noticias\/wp-json\/wp\/v2\/posts\/104527","targetHints":{"allow":["GET"]}}],"collection":[{"href":"https:\/\/primicias2262.com\/noticias\/wp-json\/wp\/v2\/posts"}],"about":[{"href":"https:\/\/primicias2262.com\/noticias\/wp-json\/wp\/v2\/types\/post"}],"author":[{"embeddable":true,"href":"https:\/\/primicias2262.com\/noticias\/wp-json\/wp\/v2\/users\/3"}],"replies":[{"embeddable":true,"href":"https:\/\/primicias2262.com\/noticias\/wp-json\/wp\/v2\/comments?post=104527"}],"version-history":[{"count":1,"href":"https:\/\/primicias2262.com\/noticias\/wp-json\/wp\/v2\/posts\/104527\/revisions"}],"predecessor-version":[{"id":104528,"href":"https:\/\/primicias2262.com\/noticias\/wp-json\/wp\/v2\/posts\/104527\/revisions\/104528"}],"wp:featuredmedia":[{"embeddable":true,"href":"https:\/\/primicias2262.com\/noticias\/wp-json\/wp\/v2\/media\/103967"}],"wp:attachment":[{"href":"https:\/\/primicias2262.com\/noticias\/wp-json\/wp\/v2\/media?parent=104527"}],"wp:term":[{"taxonomy":"category","embeddable":true,"href":"https:\/\/primicias2262.com\/noticias\/wp-json\/wp\/v2\/categories?post=104527"},{"taxonomy":"post_tag","embeddable":true,"href":"https:\/\/primicias2262.com\/noticias\/wp-json\/wp\/v2\/tags?post=104527"}],"curies":[{"name":"wp","href":"https:\/\/api.w.org\/{rel}","templated":true}]}}