{"id":104531,"date":"2023-11-10T05:55:23","date_gmt":"2023-11-10T05:55:23","guid":{"rendered":"https:\/\/primicias2262.com\/noticias\/?p=104531"},"modified":"2023-11-11T16:29:51","modified_gmt":"2023-11-11T16:29:51","slug":"los-radicales-alfonsinistas-de-centro-izquierda-en-necochea-apoyan-la-candidatura-de-sergio-massa","status":"publish","type":"post","link":"https:\/\/primicias2262.com\/noticias\/los-radicales-alfonsinistas-de-centro-izquierda-en-necochea-apoyan-la-candidatura-de-sergio-massa\/","title":{"rendered":"Los radicales alfonsinistas de centro izquierda en Necochea apoyan la candidatura de Sergio Massa"},"content":{"rendered":"<p><strong>Mario Corona, uno de los integrantes de dicho grupo, asever\u00f3 en \u201cVoces de la Ciudad\u201d que a corto o largo plazo la democracia est\u00e1 en peligro con Javier Milei.<\/strong><\/p>\n<p>M\u00e1s voces del arco pol\u00edtico necochense se siguen expresando de cara al balotaje presidencial del domingo 19 de noviembre, tal el caso de un grupo de dirigentes radicales que est\u00e1n bajo la conducci\u00f3n del espacio de Ricardo Alfonsin. Uno de ellos es el dirigente Mario Corona, quien en nota con el periodista Jorge G\u00f3mez habl\u00f3 de \u201cuna paradoja definitiva, radicales con Massa, ciudadanos en defensa de la democracia\u201d.<\/p>\n<p>\u201cSi bien no hay una decisi\u00f3n partidaria, la mayor\u00eda del partido va a apoyar a Massa, el voto en blanco sabemos que no sirve y las autoridades nacionales se\u00f1alaron que van a hacer todo lo posible para que no gane Javier Milei, as\u00ed que no somos los \u00fanicos\u201d, argument\u00f3 Corona.<\/p>\n<p>Afirm\u00f3 por ende que \u201clos radicales alfonsinistas de centro izquierda creemos que hay una diferencia abismal entre ambos candidatos\u201d, y si bien acept\u00f3 que \u201ces muy dif\u00edcil aceptar un balotaje as\u00ed porque no creo que Milei sea un candidato de la democracia, est\u00e1 metido Mauricio Macri en el apoyo total utilizando su poder pol\u00edtico pero no creo que lo maneje tanto. La impronta de Milei que lo trajo hasta ac\u00e1 va a seguir y si hoy se deja seducir por Macri es por inter\u00e9s ante las elecciones\u201d.<\/p>\n<p>Acot\u00f3 al instante que \u201cnosotros defendemos la democracia, que creo que con Milei est\u00e1 en riesgo, no s\u00e9 si a corto plazo o no, pero lo podemos sufrir y feo, sobre todo con todos los derechos adquiridos en materia laboral, salud p\u00fablica, educaci\u00f3n p\u00fablica o con los jubilados por ejemplo, que para m\u00ed est\u00e1n en una situaci\u00f3n de peligro\u201d.<\/p>\n<p>En ese contexto, Corona manifest\u00f3 que \u201cahora hay temas de los que Milei no habla porque est\u00e1 tratando de captar los votos de la gente que eligi\u00f3 a Patricia Bullrich, mientras que Massa no tiene nada de kirchnerista y viene hace rato armando su propio partido en el Frente Renovador, e incluso fue uno de los principales colaboradores en la gobernabilidad del primer a\u00f1o y medio del gobierno de Mauricio Macri\u201d.<\/p>\n<p>Consultado finalmente sobre qu\u00e9 cree que har\u00e1n los radicales de Necochea, desliz\u00f3 que \u201cuna parte minoritaria votar\u00e1 a Milei, que es la gente que apoy\u00f3 a Bullrich; otra parte votar\u00e1 en blanco y creo que el 50% de los votos que sac\u00f3 Juntos en Necochea por la parte radical van a ir a Massa\u201d.<\/p>\n<p><a href=\"https:\/\/primicias2262.com\/noticias\/wp-content\/uploads\/2023\/11\/WhatsApp-Image-2023-11-08-at-12.59.47-PM.jpeg\"><img loading=\"lazy\" decoding=\"async\" class=\"aligncenter size-full wp-image-104541\" src=\"https:\/\/primicias2262.com\/noticias\/wp-content\/uploads\/2023\/11\/WhatsApp-Image-2023-11-08-at-12.59.47-PM.jpeg\" alt=\"\" width=\"1279\" height=\"1600\" srcset=\"https:\/\/primicias2262.com\/noticias\/wp-content\/uploads\/2023\/11\/WhatsApp-Image-2023-11-08-at-12.59.47-PM.jpeg 1279w, https:\/\/primicias2262.com\/noticias\/wp-content\/uploads\/2023\/11\/WhatsApp-Image-2023-11-08-at-12.59.47-PM-240x300.jpeg 240w, https:\/\/primicias2262.com\/noticias\/wp-content\/uploads\/2023\/11\/WhatsApp-Image-2023-11-08-at-12.59.47-PM-819x1024.jpeg 819w, https:\/\/primicias2262.com\/noticias\/wp-content\/uploads\/2023\/11\/WhatsApp-Image-2023-11-08-at-12.59.47-PM-768x961.jpeg 768w, https:\/\/primicias2262.com\/noticias\/wp-content\/uploads\/2023\/11\/WhatsApp-Image-2023-11-08-at-12.59.47-PM-1228x1536.jpeg 1228w, https:\/\/primicias2262.com\/noticias\/wp-content\/uploads\/2023\/11\/WhatsApp-Image-2023-11-08-at-12.59.47-PM-150x188.jpeg 150w, https:\/\/primicias2262.com\/noticias\/wp-content\/uploads\/2023\/11\/WhatsApp-Image-2023-11-08-at-12.59.47-PM-300x375.jpeg 300w, https:\/\/primicias2262.com\/noticias\/wp-content\/uploads\/2023\/11\/WhatsApp-Image-2023-11-08-at-12.59.47-PM-696x871.jpeg 696w, https:\/\/primicias2262.com\/noticias\/wp-content\/uploads\/2023\/11\/WhatsApp-Image-2023-11-08-at-12.59.47-PM-1068x1336.jpeg 1068w\" sizes=\"auto, (max-width: 1279px) 100vw, 1279px\" \/><\/a><\/p>\n","protected":false},"excerpt":{"rendered":"<p>Mario Corona, uno de los integrantes de dicho grupo, asever\u00f3 en \u201cVoces de la Ciudad\u201d que a corto o largo plazo la democracia est\u00e1 en peligro con Javier Milei. M\u00e1s voces del arco pol\u00edtico necochense se siguen expresando de cara al balotaje presidencial del domingo 19 de noviembre, tal el caso de un grupo de [&hellip;]<\/p>\n","protected":false},"author":3,"featured_media":104532,"comment_status":"open","ping_status":"open","sticky":false,"template":"","format":"standard","meta":{"footnotes":""},"categories":[3],"tags":[],"class_list":["post-104531","post","type-post","status-publish","format-standard","has-post-thumbnail","category-masnoticias"],"_links":{"self":[{"href":"https:\/\/primicias2262.com\/noticias\/wp-json\/wp\/v2\/posts\/104531","targetHints":{"allow":["GET"]}}],"collection":[{"href":"https:\/\/primicias2262.com\/noticias\/wp-json\/wp\/v2\/posts"}],"about":[{"href":"https:\/\/primicias2262.com\/noticias\/wp-json\/wp\/v2\/types\/post"}],"author":[{"embeddable":true,"href":"https:\/\/primicias2262.com\/noticias\/wp-json\/wp\/v2\/users\/3"}],"replies":[{"embeddable":true,"href":"https:\/\/primicias2262.com\/noticias\/wp-json\/wp\/v2\/comments?post=104531"}],"version-history":[{"count":2,"href":"https:\/\/primicias2262.com\/noticias\/wp-json\/wp\/v2\/posts\/104531\/revisions"}],"predecessor-version":[{"id":104542,"href":"https:\/\/primicias2262.com\/noticias\/wp-json\/wp\/v2\/posts\/104531\/revisions\/104542"}],"wp:featuredmedia":[{"embeddable":true,"href":"https:\/\/primicias2262.com\/noticias\/wp-json\/wp\/v2\/media\/104532"}],"wp:attachment":[{"href":"https:\/\/primicias2262.com\/noticias\/wp-json\/wp\/v2\/media?parent=104531"}],"wp:term":[{"taxonomy":"category","embeddable":true,"href":"https:\/\/primicias2262.com\/noticias\/wp-json\/wp\/v2\/categories?post=104531"},{"taxonomy":"post_tag","embeddable":true,"href":"https:\/\/primicias2262.com\/noticias\/wp-json\/wp\/v2\/tags?post=104531"}],"curies":[{"name":"wp","href":"https:\/\/api.w.org\/{rel}","templated":true}]}}