{"id":104543,"date":"2023-11-10T05:54:44","date_gmt":"2023-11-10T05:54:44","guid":{"rendered":"https:\/\/primicias2262.com\/noticias\/?p=104543"},"modified":"2023-11-11T16:32:38","modified_gmt":"2023-11-11T16:32:38","slug":"el-colegio-de-martilleros-y-corredores-publicos-informo-valores-sugeridos-de-alquileres-para-la-temporada","status":"publish","type":"post","link":"https:\/\/primicias2262.com\/noticias\/el-colegio-de-martilleros-y-corredores-publicos-informo-valores-sugeridos-de-alquileres-para-la-temporada\/","title":{"rendered":"El Colegio de Martilleros y Corredores P\u00fablicos inform\u00f3 valores sugeridos de alquileres para la temporada"},"content":{"rendered":"<p><strong>El presidente del Colegio de Martilleros y Corredores P\u00fablicos\u00a0 &#8211; Departamento Judicial de Necochea, Rolando Rodr\u00edguez, dialog\u00f3 telef\u00f3nicamente con el periodista Jorge G\u00f3mez en \u201cVoces de la Ciudad\u201d, donde aclar\u00f3 que son precios de sugerencia ante la incertidumbre econ\u00f3mica actual que hace que los valores var\u00eden constantemente.<\/strong><\/p>\n<p>Acerca de los valores sugeridos de alquiles para el verano que se viene, aclar\u00f3 Rodr\u00edguez que \u201cinstitucionalmente el colegio ha realizado esta evaluaci\u00f3n previo a tener reuniones con los colegas que se dedican al alquiler temporario en la costa y la verdad es que ha costado bastante porque estamos en un momento de mucha incertidumbre econ\u00f3mica y muchos cambios de valores permanentes, casi diarios, por lo que es muy complejo poder determinar los valores\u201d.<\/p>\n<p>No obstante eso, \u201cse ha entendido criterioso sugerir estos valores que se est\u00e1n publicitando por estas horas. Es una sugerencia por parte de los profesionales del colegio y a partir de estos montos se podr\u00eda empezar a cerrar alquileres temporarios para la temporada que se viene\u201d, concluy\u00f3.<\/p>\n<p>A continuaci\u00f3n, el detalle de los valores:<\/p>\n<div id='gallery-1' class='gallery galleryid-104543 gallery-columns-2 gallery-size-medium'><figure class='gallery-item'>\n\t\t\t<div class='gallery-icon landscape'>\n\t\t\t\t<a href='https:\/\/primicias2262.com\/noticias\/los-radicales-alfonsinistas-de-centro-izquierda-en-necochea-apoyan-la-candidatura-de-sergio-massa\/whatsapp-image-2023-11-08-at-1-00-12-pm\/'><img loading=\"lazy\" decoding=\"async\" width=\"300\" height=\"300\" src=\"https:\/\/primicias2262.com\/noticias\/wp-content\/uploads\/2023\/11\/WhatsApp-Image-2023-11-08-at-1.00.12-PM-300x300.jpeg\" class=\"attachment-medium size-medium\" alt=\"\" srcset=\"https:\/\/primicias2262.com\/noticias\/wp-content\/uploads\/2023\/11\/WhatsApp-Image-2023-11-08-at-1.00.12-PM-300x300.jpeg 300w, https:\/\/primicias2262.com\/noticias\/wp-content\/uploads\/2023\/11\/WhatsApp-Image-2023-11-08-at-1.00.12-PM-1024x1024.jpeg 1024w, https:\/\/primicias2262.com\/noticias\/wp-content\/uploads\/2023\/11\/WhatsApp-Image-2023-11-08-at-1.00.12-PM-150x150.jpeg 150w, https:\/\/primicias2262.com\/noticias\/wp-content\/uploads\/2023\/11\/WhatsApp-Image-2023-11-08-at-1.00.12-PM-768x768.jpeg 768w, https:\/\/primicias2262.com\/noticias\/wp-content\/uploads\/2023\/11\/WhatsApp-Image-2023-11-08-at-1.00.12-PM-696x696.jpeg 696w, https:\/\/primicias2262.com\/noticias\/wp-content\/uploads\/2023\/11\/WhatsApp-Image-2023-11-08-at-1.00.12-PM-1068x1068.jpeg 1068w, https:\/\/primicias2262.com\/noticias\/wp-content\/uploads\/2023\/11\/WhatsApp-Image-2023-11-08-at-1.00.12-PM.jpeg 1080w\" sizes=\"auto, (max-width: 300px) 100vw, 300px\" \/><\/a>\n\t\t\t<\/div><\/figure><figure class='gallery-item'>\n\t\t\t<div class='gallery-icon landscape'>\n\t\t\t\t<a href='https:\/\/primicias2262.com\/noticias\/los-radicales-alfonsinistas-de-centro-izquierda-en-necochea-apoyan-la-candidatura-de-sergio-massa\/whatsapp-image-2023-11-08-at-1-00-14-pm\/'><img loading=\"lazy\" decoding=\"async\" width=\"300\" height=\"300\" src=\"https:\/\/primicias2262.com\/noticias\/wp-content\/uploads\/2023\/11\/WhatsApp-Image-2023-11-08-at-1.00.14-PM-300x300.jpeg\" class=\"attachment-medium size-medium\" alt=\"\" srcset=\"https:\/\/primicias2262.com\/noticias\/wp-content\/uploads\/2023\/11\/WhatsApp-Image-2023-11-08-at-1.00.14-PM-300x300.jpeg 300w, https:\/\/primicias2262.com\/noticias\/wp-content\/uploads\/2023\/11\/WhatsApp-Image-2023-11-08-at-1.00.14-PM-1024x1024.jpeg 1024w, https:\/\/primicias2262.com\/noticias\/wp-content\/uploads\/2023\/11\/WhatsApp-Image-2023-11-08-at-1.00.14-PM-150x150.jpeg 150w, https:\/\/primicias2262.com\/noticias\/wp-content\/uploads\/2023\/11\/WhatsApp-Image-2023-11-08-at-1.00.14-PM-768x768.jpeg 768w, https:\/\/primicias2262.com\/noticias\/wp-content\/uploads\/2023\/11\/WhatsApp-Image-2023-11-08-at-1.00.14-PM-696x696.jpeg 696w, https:\/\/primicias2262.com\/noticias\/wp-content\/uploads\/2023\/11\/WhatsApp-Image-2023-11-08-at-1.00.14-PM-1068x1068.jpeg 1068w, https:\/\/primicias2262.com\/noticias\/wp-content\/uploads\/2023\/11\/WhatsApp-Image-2023-11-08-at-1.00.14-PM.jpeg 1080w\" sizes=\"auto, (max-width: 300px) 100vw, 300px\" \/><\/a>\n\t\t\t<\/div><\/figure>\n\t\t<\/div>\n\n<div id='gallery-2' class='gallery galleryid-104543 gallery-columns-2 gallery-size-medium'><figure class='gallery-item'>\n\t\t\t<div class='gallery-icon landscape'>\n\t\t\t\t<a href='https:\/\/primicias2262.com\/noticias\/los-radicales-alfonsinistas-de-centro-izquierda-en-necochea-apoyan-la-candidatura-de-sergio-massa\/whatsapp-image-2023-11-08-at-1-00-14-pm1\/'><img loading=\"lazy\" decoding=\"async\" width=\"300\" height=\"300\" src=\"https:\/\/primicias2262.com\/noticias\/wp-content\/uploads\/2023\/11\/WhatsApp-Image-2023-11-08-at-1.00.14-PM1-300x300.jpeg\" class=\"attachment-medium size-medium\" alt=\"\" srcset=\"https:\/\/primicias2262.com\/noticias\/wp-content\/uploads\/2023\/11\/WhatsApp-Image-2023-11-08-at-1.00.14-PM1-300x300.jpeg 300w, https:\/\/primicias2262.com\/noticias\/wp-content\/uploads\/2023\/11\/WhatsApp-Image-2023-11-08-at-1.00.14-PM1-1024x1024.jpeg 1024w, https:\/\/primicias2262.com\/noticias\/wp-content\/uploads\/2023\/11\/WhatsApp-Image-2023-11-08-at-1.00.14-PM1-150x150.jpeg 150w, https:\/\/primicias2262.com\/noticias\/wp-content\/uploads\/2023\/11\/WhatsApp-Image-2023-11-08-at-1.00.14-PM1-768x768.jpeg 768w, https:\/\/primicias2262.com\/noticias\/wp-content\/uploads\/2023\/11\/WhatsApp-Image-2023-11-08-at-1.00.14-PM1-696x696.jpeg 696w, https:\/\/primicias2262.com\/noticias\/wp-content\/uploads\/2023\/11\/WhatsApp-Image-2023-11-08-at-1.00.14-PM1-1068x1068.jpeg 1068w, https:\/\/primicias2262.com\/noticias\/wp-content\/uploads\/2023\/11\/WhatsApp-Image-2023-11-08-at-1.00.14-PM1.jpeg 1080w\" sizes=\"auto, (max-width: 300px) 100vw, 300px\" \/><\/a>\n\t\t\t<\/div><\/figure><figure class='gallery-item'>\n\t\t\t<div class='gallery-icon landscape'>\n\t\t\t\t<a href='https:\/\/primicias2262.com\/noticias\/los-radicales-alfonsinistas-de-centro-izquierda-en-necochea-apoyan-la-candidatura-de-sergio-massa\/whatsapp-image-2023-11-08-at-1-00-13-pm2\/'><img loading=\"lazy\" decoding=\"async\" width=\"300\" height=\"300\" src=\"https:\/\/primicias2262.com\/noticias\/wp-content\/uploads\/2023\/11\/WhatsApp-Image-2023-11-08-at-1.00.13-PM2-300x300.jpeg\" class=\"attachment-medium size-medium\" alt=\"\" srcset=\"https:\/\/primicias2262.com\/noticias\/wp-content\/uploads\/2023\/11\/WhatsApp-Image-2023-11-08-at-1.00.13-PM2-300x300.jpeg 300w, https:\/\/primicias2262.com\/noticias\/wp-content\/uploads\/2023\/11\/WhatsApp-Image-2023-11-08-at-1.00.13-PM2-1024x1024.jpeg 1024w, https:\/\/primicias2262.com\/noticias\/wp-content\/uploads\/2023\/11\/WhatsApp-Image-2023-11-08-at-1.00.13-PM2-150x150.jpeg 150w, https:\/\/primicias2262.com\/noticias\/wp-content\/uploads\/2023\/11\/WhatsApp-Image-2023-11-08-at-1.00.13-PM2-768x768.jpeg 768w, https:\/\/primicias2262.com\/noticias\/wp-content\/uploads\/2023\/11\/WhatsApp-Image-2023-11-08-at-1.00.13-PM2-696x696.jpeg 696w, https:\/\/primicias2262.com\/noticias\/wp-content\/uploads\/2023\/11\/WhatsApp-Image-2023-11-08-at-1.00.13-PM2-1068x1068.jpeg 1068w, https:\/\/primicias2262.com\/noticias\/wp-content\/uploads\/2023\/11\/WhatsApp-Image-2023-11-08-at-1.00.13-PM2.jpeg 1080w\" sizes=\"auto, (max-width: 300px) 100vw, 300px\" \/><\/a>\n\t\t\t<\/div><\/figure>\n\t\t<\/div>\n\n<div id='gallery-3' class='gallery galleryid-104543 gallery-columns-2 gallery-size-medium'><figure class='gallery-item'>\n\t\t\t<div class='gallery-icon landscape'>\n\t\t\t\t<a href='https:\/\/primicias2262.com\/noticias\/los-radicales-alfonsinistas-de-centro-izquierda-en-necochea-apoyan-la-candidatura-de-sergio-massa\/whatsapp-image-2023-11-08-at-1-00-13-pm\/'><img loading=\"lazy\" decoding=\"async\" width=\"300\" height=\"300\" src=\"https:\/\/primicias2262.com\/noticias\/wp-content\/uploads\/2023\/11\/WhatsApp-Image-2023-11-08-at-1.00.13-PM-300x300.jpeg\" class=\"attachment-medium size-medium\" alt=\"\" srcset=\"https:\/\/primicias2262.com\/noticias\/wp-content\/uploads\/2023\/11\/WhatsApp-Image-2023-11-08-at-1.00.13-PM-300x300.jpeg 300w, https:\/\/primicias2262.com\/noticias\/wp-content\/uploads\/2023\/11\/WhatsApp-Image-2023-11-08-at-1.00.13-PM-1024x1024.jpeg 1024w, https:\/\/primicias2262.com\/noticias\/wp-content\/uploads\/2023\/11\/WhatsApp-Image-2023-11-08-at-1.00.13-PM-150x150.jpeg 150w, https:\/\/primicias2262.com\/noticias\/wp-content\/uploads\/2023\/11\/WhatsApp-Image-2023-11-08-at-1.00.13-PM-768x768.jpeg 768w, https:\/\/primicias2262.com\/noticias\/wp-content\/uploads\/2023\/11\/WhatsApp-Image-2023-11-08-at-1.00.13-PM-696x696.jpeg 696w, https:\/\/primicias2262.com\/noticias\/wp-content\/uploads\/2023\/11\/WhatsApp-Image-2023-11-08-at-1.00.13-PM-1068x1068.jpeg 1068w, https:\/\/primicias2262.com\/noticias\/wp-content\/uploads\/2023\/11\/WhatsApp-Image-2023-11-08-at-1.00.13-PM.jpeg 1080w\" sizes=\"auto, (max-width: 300px) 100vw, 300px\" \/><\/a>\n\t\t\t<\/div><\/figure><figure class='gallery-item'>\n\t\t\t<div class='gallery-icon landscape'>\n\t\t\t\t<a href='https:\/\/primicias2262.com\/noticias\/los-radicales-alfonsinistas-de-centro-izquierda-en-necochea-apoyan-la-candidatura-de-sergio-massa\/whatsapp-image-2023-11-08-at-1-00-13-pm1\/'><img loading=\"lazy\" decoding=\"async\" width=\"300\" height=\"300\" src=\"https:\/\/primicias2262.com\/noticias\/wp-content\/uploads\/2023\/11\/WhatsApp-Image-2023-11-08-at-1.00.13-PM1-300x300.jpeg\" class=\"attachment-medium size-medium\" alt=\"\" srcset=\"https:\/\/primicias2262.com\/noticias\/wp-content\/uploads\/2023\/11\/WhatsApp-Image-2023-11-08-at-1.00.13-PM1-300x300.jpeg 300w, https:\/\/primicias2262.com\/noticias\/wp-content\/uploads\/2023\/11\/WhatsApp-Image-2023-11-08-at-1.00.13-PM1-1024x1024.jpeg 1024w, https:\/\/primicias2262.com\/noticias\/wp-content\/uploads\/2023\/11\/WhatsApp-Image-2023-11-08-at-1.00.13-PM1-150x150.jpeg 150w, https:\/\/primicias2262.com\/noticias\/wp-content\/uploads\/2023\/11\/WhatsApp-Image-2023-11-08-at-1.00.13-PM1-768x768.jpeg 768w, https:\/\/primicias2262.com\/noticias\/wp-content\/uploads\/2023\/11\/WhatsApp-Image-2023-11-08-at-1.00.13-PM1-696x696.jpeg 696w, https:\/\/primicias2262.com\/noticias\/wp-content\/uploads\/2023\/11\/WhatsApp-Image-2023-11-08-at-1.00.13-PM1-1068x1068.jpeg 1068w, https:\/\/primicias2262.com\/noticias\/wp-content\/uploads\/2023\/11\/WhatsApp-Image-2023-11-08-at-1.00.13-PM1.jpeg 1080w\" sizes=\"auto, (max-width: 300px) 100vw, 300px\" \/><\/a>\n\t\t\t<\/div><\/figure>\n\t\t<\/div>\n\n","protected":false},"excerpt":{"rendered":"<p>El presidente del Colegio de Martilleros y Corredores P\u00fablicos\u00a0 &#8211; Departamento Judicial de Necochea, Rolando Rodr\u00edguez, dialog\u00f3 telef\u00f3nicamente con el periodista Jorge G\u00f3mez en \u201cVoces de la Ciudad\u201d, donde aclar\u00f3 que son precios de sugerencia ante la incertidumbre econ\u00f3mica actual que hace que los valores var\u00eden constantemente. Acerca de los valores sugeridos de alquiles para [&hellip;]<\/p>\n","protected":false},"author":3,"featured_media":103161,"comment_status":"open","ping_status":"open","sticky":false,"template":"","format":"standard","meta":{"footnotes":""},"categories":[3],"tags":[],"class_list":["post-104543","post","type-post","status-publish","format-standard","has-post-thumbnail","category-masnoticias"],"_links":{"self":[{"href":"https:\/\/primicias2262.com\/noticias\/wp-json\/wp\/v2\/posts\/104543","targetHints":{"allow":["GET"]}}],"collection":[{"href":"https:\/\/primicias2262.com\/noticias\/wp-json\/wp\/v2\/posts"}],"about":[{"href":"https:\/\/primicias2262.com\/noticias\/wp-json\/wp\/v2\/types\/post"}],"author":[{"embeddable":true,"href":"https:\/\/primicias2262.com\/noticias\/wp-json\/wp\/v2\/users\/3"}],"replies":[{"embeddable":true,"href":"https:\/\/primicias2262.com\/noticias\/wp-json\/wp\/v2\/comments?post=104543"}],"version-history":[{"count":1,"href":"https:\/\/primicias2262.com\/noticias\/wp-json\/wp\/v2\/posts\/104543\/revisions"}],"predecessor-version":[{"id":104544,"href":"https:\/\/primicias2262.com\/noticias\/wp-json\/wp\/v2\/posts\/104543\/revisions\/104544"}],"wp:featuredmedia":[{"embeddable":true,"href":"https:\/\/primicias2262.com\/noticias\/wp-json\/wp\/v2\/media\/103161"}],"wp:attachment":[{"href":"https:\/\/primicias2262.com\/noticias\/wp-json\/wp\/v2\/media?parent=104543"}],"wp:term":[{"taxonomy":"category","embeddable":true,"href":"https:\/\/primicias2262.com\/noticias\/wp-json\/wp\/v2\/categories?post=104543"},{"taxonomy":"post_tag","embeddable":true,"href":"https:\/\/primicias2262.com\/noticias\/wp-json\/wp\/v2\/tags?post=104543"}],"curies":[{"name":"wp","href":"https:\/\/api.w.org\/{rel}","templated":true}]}}