{"id":104546,"date":"2023-11-11T14:12:29","date_gmt":"2023-11-11T14:12:29","guid":{"rendered":"https:\/\/primicias2262.com\/noticias\/?p=104546"},"modified":"2023-11-13T02:36:59","modified_gmt":"2023-11-13T02:36:59","slug":"cosecha-estamos-mucho-mejor-con-la-fina-que-el-ano-pasado-y-la-gruesa-esta-muy-avanzada","status":"publish","type":"post","link":"https:\/\/primicias2262.com\/noticias\/cosecha-estamos-mucho-mejor-con-la-fina-que-el-ano-pasado-y-la-gruesa-esta-muy-avanzada\/","title":{"rendered":"Cosecha: \u201cEstamos mucho mejor con la fina que el a\u00f1o pasado y la gruesa est\u00e1 muy avanzada\u201d"},"content":{"rendered":"<p><strong>As\u00ed lo defini\u00f3 en \u201cVoces de la Ciudad\u201d, Juan Erreguerena del INTA, durante una nota realizada por el periodista Jorge G\u00f3mez.<\/strong><\/p>\n<p>Luego del desastre de la campa\u00f1a anterior, se le pregunt\u00f3 a Erreguerena por la evoluci\u00f3n actual de la cosecha fina de trigo y cebada en la regi\u00f3n trigo, acerca de lo que afirm\u00f3 que \u201crespecto al a\u00f1o pasado para la fina estamos mucho mejor, no es la absoluta panacea porque estamos pensando en qu\u00e9 medida afect\u00f3 lo fr\u00edo que fueron septiembre y octubre, o la falta de lluvias abundantes de ambos meses, que es justo la \u00e9poca en que se define cu\u00e1nto crece adentro la espiga y cu\u00e1ntos granos va a tener\u201d.<\/p>\n<p>Pero lo cierto es que \u201ctenemos los cultivos bastante bien, no es probable que tengamos el cosech\u00f3n, pero estamos bien en general y la expectativa respecto a lo que fue el a\u00f1o pasado es muy buena, excepto que de aqu\u00ed al 12 caiga una helada, que son de riesgo. La del a\u00f1o pasado fue de da\u00f1os totales, pero en ese sentido estamos bien\u201d, confirm\u00f3.<\/p>\n<p>Inclusive, Erreguerena anticip\u00f3 que \u201ctenemos muy avanzada la gruesa, en nuestra zona ya se ha sembrado bastante girasol y ma\u00edz, y tambi\u00e9n se empez\u00f3 con la soja\u201d, aclarando que \u201cno sobra nada para sembrar ni llueve lo suficiente como para decir que todo va a salir espectacular, pero no venimos mal en ese sentido tampoco\u201d.<\/p>\n<p>En ese contexto, apunt\u00f3 que \u201clos cultivos se est\u00e1n implantando hay muchos ma\u00edces y girasoles nacidos y se ha sembrado mucha papa tambi\u00e9n\u201d, respecto a lo que revel\u00f3 que \u201cla regi\u00f3n est\u00e1 creciendo cada vez en cuanto a la papa, ya que hay cuatro o cinco empresas de la zona que trabajan con ello. De hecho la papa ha crecido en 20 a\u00f1os de 10 mil hect\u00e1reas a m\u00e1s de 30 mil\u201d.<\/p>\n<p>Asimismo, destac\u00f3 que \u201cla regi\u00f3n est\u00e1 con mucho cultivo industrial, no solo papa, sino tambi\u00e9n ma\u00edz para choclo, enlatado, arvejas\u2026 se est\u00e1 diversificando porque muchos productores le buscaron la vuelta para ir contra las retenciones\u201d.<\/p>\n<p>En cuanto a la parte de ganader\u00eda, referenci\u00f3 que \u201cla primavera fue baja en temperatura y la producci\u00f3n de pasto ha sido la mitad de lo que habitualmente se da en primavera, pero no significa aun una crisis porque con esa mitad estamos bien, pero en proyecci\u00f3n puede que tengamos alg\u00fan problema de falta de pasto m\u00e1s adelante o que no haya reservas\u201d.<\/p>\n","protected":false},"excerpt":{"rendered":"<p>As\u00ed lo defini\u00f3 en \u201cVoces de la Ciudad\u201d, Juan Erreguerena del INTA, durante una nota realizada por el periodista Jorge G\u00f3mez. Luego del desastre de la campa\u00f1a anterior, se le pregunt\u00f3 a Erreguerena por la evoluci\u00f3n actual de la cosecha fina de trigo y cebada en la regi\u00f3n trigo, acerca de lo que afirm\u00f3 que [&hellip;]<\/p>\n","protected":false},"author":3,"featured_media":104548,"comment_status":"open","ping_status":"open","sticky":false,"template":"","format":"standard","meta":{"footnotes":""},"categories":[3],"tags":[],"class_list":["post-104546","post","type-post","status-publish","format-standard","has-post-thumbnail","category-masnoticias"],"_links":{"self":[{"href":"https:\/\/primicias2262.com\/noticias\/wp-json\/wp\/v2\/posts\/104546","targetHints":{"allow":["GET"]}}],"collection":[{"href":"https:\/\/primicias2262.com\/noticias\/wp-json\/wp\/v2\/posts"}],"about":[{"href":"https:\/\/primicias2262.com\/noticias\/wp-json\/wp\/v2\/types\/post"}],"author":[{"embeddable":true,"href":"https:\/\/primicias2262.com\/noticias\/wp-json\/wp\/v2\/users\/3"}],"replies":[{"embeddable":true,"href":"https:\/\/primicias2262.com\/noticias\/wp-json\/wp\/v2\/comments?post=104546"}],"version-history":[{"count":1,"href":"https:\/\/primicias2262.com\/noticias\/wp-json\/wp\/v2\/posts\/104546\/revisions"}],"predecessor-version":[{"id":104547,"href":"https:\/\/primicias2262.com\/noticias\/wp-json\/wp\/v2\/posts\/104546\/revisions\/104547"}],"wp:featuredmedia":[{"embeddable":true,"href":"https:\/\/primicias2262.com\/noticias\/wp-json\/wp\/v2\/media\/104548"}],"wp:attachment":[{"href":"https:\/\/primicias2262.com\/noticias\/wp-json\/wp\/v2\/media?parent=104546"}],"wp:term":[{"taxonomy":"category","embeddable":true,"href":"https:\/\/primicias2262.com\/noticias\/wp-json\/wp\/v2\/categories?post=104546"},{"taxonomy":"post_tag","embeddable":true,"href":"https:\/\/primicias2262.com\/noticias\/wp-json\/wp\/v2\/tags?post=104546"}],"curies":[{"name":"wp","href":"https:\/\/api.w.org\/{rel}","templated":true}]}}