{"id":104554,"date":"2023-11-10T12:34:58","date_gmt":"2023-11-10T12:34:58","guid":{"rendered":"https:\/\/primicias2262.com\/noticias\/?p=104554"},"modified":"2023-11-11T16:43:58","modified_gmt":"2023-11-11T16:43:58","slug":"el-circulo-y-del-valle-realizaron-el-lanzamiento-de-la-gran-fiesta-del-deporte","status":"publish","type":"post","link":"https:\/\/primicias2262.com\/noticias\/el-circulo-y-del-valle-realizaron-el-lanzamiento-de-la-gran-fiesta-del-deporte\/","title":{"rendered":"El C\u00edrculo y Del Valle realizaron el lanzamiento de la Gran Fiesta del Deporte"},"content":{"rendered":"<p><strong>La entrega de los premios \u201cPuente Colgante\u201d ser\u00e1 el jueves 14 de diciembre, mientras que una semana antes se realizar\u00e1 en el Teatro Toledo la ceremonia de menciones y reconocimientos.<\/strong><\/p>\n<p>Con un acto realizado en el Apart del Club Del Valle, el C\u00edrculo de Periodistas Deportivos junto a autoridades de la instituci\u00f3n anfitriona presentaron la 24ta edici\u00f3n de la Gran Fiesta del Deporte \u201cJuan Alberto Poteca\u201d. <strong>La noche del jueves 14 de diciembre fue elegida para la entrega de los premios \u201cPuente Colgante\u201d<\/strong> y esa fecha en el sal\u00f3n de fiestas de Ruta 86 y calle 66 se conocer\u00e1 al o la Deportista del a\u00f1o, mientras que una semana antes, <strong>el jueves 7 de diciembre, se entregar\u00e1n menciones y reconocimientos en el Teatro Toledo<\/strong>.<\/p>\n<p>El C\u00edrculo lo anunci\u00f3 en ronda de prensa este jueves, donde su titular, Agust\u00edn Betancor, acompa\u00f1ado del resto de la comisi\u00f3n directiva y dirigentes del club tricolor, valor\u00f3 el apoyo invalorable de Del Valle; anticip\u00f3 que la nueva edici\u00f3n de la fiesta contar\u00e1 con m\u00e1s de 30 ternas y anunci\u00f3 tres de las cuatro distinciones especiales, restando definir a\u00fan el Dirigente del a\u00f1o.<\/p>\n<p><a href=\"https:\/\/primicias2262.com\/noticias\/wp-content\/uploads\/2023\/11\/foto-lanzamiento-fiesta-23-3.jpeg\"><img loading=\"lazy\" decoding=\"async\" class=\"aligncenter size-full wp-image-104556\" src=\"https:\/\/primicias2262.com\/noticias\/wp-content\/uploads\/2023\/11\/foto-lanzamiento-fiesta-23-3.jpeg\" alt=\"\" width=\"1600\" height=\"1200\" srcset=\"https:\/\/primicias2262.com\/noticias\/wp-content\/uploads\/2023\/11\/foto-lanzamiento-fiesta-23-3.jpeg 1600w, https:\/\/primicias2262.com\/noticias\/wp-content\/uploads\/2023\/11\/foto-lanzamiento-fiesta-23-3-300x225.jpeg 300w, https:\/\/primicias2262.com\/noticias\/wp-content\/uploads\/2023\/11\/foto-lanzamiento-fiesta-23-3-1024x768.jpeg 1024w, https:\/\/primicias2262.com\/noticias\/wp-content\/uploads\/2023\/11\/foto-lanzamiento-fiesta-23-3-768x576.jpeg 768w, https:\/\/primicias2262.com\/noticias\/wp-content\/uploads\/2023\/11\/foto-lanzamiento-fiesta-23-3-1536x1152.jpeg 1536w, https:\/\/primicias2262.com\/noticias\/wp-content\/uploads\/2023\/11\/foto-lanzamiento-fiesta-23-3-150x113.jpeg 150w, https:\/\/primicias2262.com\/noticias\/wp-content\/uploads\/2023\/11\/foto-lanzamiento-fiesta-23-3-696x522.jpeg 696w, https:\/\/primicias2262.com\/noticias\/wp-content\/uploads\/2023\/11\/foto-lanzamiento-fiesta-23-3-1068x801.jpeg 1068w\" sizes=\"auto, (max-width: 1600px) 100vw, 1600px\" \/><\/a>El premio <strong>Grandes por Siempre<\/strong> ser\u00e1 a la memoria de Jos\u00e9 Saro Giorgetti, conocido como \u201cKid Tutara\u201d, quien brillara en el boxeo y llevara el nombre de Quequ\u00e9n y Necochea bien alto. Por caso, disput\u00f3 los Juegos Ol\u00edmpicos de Melbourne 1956. La <strong>Gloria Deportiva<\/strong> ser\u00e1 para otro necochense ol\u00edmpico, pero de nuestros tiempos: el Ruso Pablo Meana, quien fuera campe\u00f3n con Luz y Fuerza de la Liga argentina de v\u00f3ley y luego brillara en la Selecci\u00f3n y a nivel clubes, siendo considerado el mejor l\u00edbero del mundo. En tanto, como <strong>Entidad del a\u00f1o<\/strong> fue elegido el Club de Ajedrez de Necochea, que en base a un gran esfuerzo volvi\u00f3 a organizar eventos de calidad regional y nacional, como el Prix del Atl\u00e1ntico y el tradicional Playas de Necochea.<\/p>\n<div style=\"width: 640px;\" class=\"wp-video\"><video class=\"wp-video-shortcode\" id=\"video-104554-1\" width=\"640\" height=\"360\" preload=\"metadata\" controls=\"controls\"><source type=\"video\/mp4\" src=\"https:\/\/primicias2262.com\/noticias\/wp-content\/uploads\/2023\/11\/AUDIO-presentacion-Gran-Fiesta-del-Deporte.mp4?_=1\" \/><a href=\"https:\/\/primicias2262.com\/noticias\/wp-content\/uploads\/2023\/11\/AUDIO-presentacion-Gran-Fiesta-del-Deporte.mp4\">https:\/\/primicias2262.com\/noticias\/wp-content\/uploads\/2023\/11\/AUDIO-presentacion-Gran-Fiesta-del-Deporte.mp4<\/a><\/video><\/div>\n<p>Luego de que el C\u00edrculo anunciara ello, la presidenta de Del Valle, Silvina Mart\u00ednez, y su antecesor en el cargo, Abel \u201cPocho\u201d Laghezza, recogieron el guante por la instituci\u00f3n que apoya al C\u00edrculo a\u00f1o tras a\u00f1o y que cede el sal\u00f3n de fiestas y el servicio de mozos de manera totalmente desinteresada. En principio, Mart\u00ednez se expres\u00f3 gustosa de acompa\u00f1ar al C\u00edrculo \u201cde manera incondicional\u201d, ya que se premia el esp\u00edritu amateur del deporte, que en el distrito es lo que m\u00e1s abunda; mientras que Laghezza anticip\u00f3 que Del Valle colaborar\u00e1 muy activamente con el C\u00edrculo en vistas al Congreso de la Federaci\u00f3n Argentina de Periodistas Deportivos (FAPED), que se llevar\u00e1 a cabo en Necochea en octubre de 2024.<\/p>\n<p><a href=\"https:\/\/primicias2262.com\/noticias\/wp-content\/uploads\/2023\/11\/foto-lanzamiento-fiesta-23-4.jpeg\"><img loading=\"lazy\" decoding=\"async\" class=\"aligncenter size-full wp-image-104557\" src=\"https:\/\/primicias2262.com\/noticias\/wp-content\/uploads\/2023\/11\/foto-lanzamiento-fiesta-23-4.jpeg\" alt=\"\" width=\"1600\" height=\"1200\" srcset=\"https:\/\/primicias2262.com\/noticias\/wp-content\/uploads\/2023\/11\/foto-lanzamiento-fiesta-23-4.jpeg 1600w, https:\/\/primicias2262.com\/noticias\/wp-content\/uploads\/2023\/11\/foto-lanzamiento-fiesta-23-4-300x225.jpeg 300w, https:\/\/primicias2262.com\/noticias\/wp-content\/uploads\/2023\/11\/foto-lanzamiento-fiesta-23-4-1024x768.jpeg 1024w, https:\/\/primicias2262.com\/noticias\/wp-content\/uploads\/2023\/11\/foto-lanzamiento-fiesta-23-4-768x576.jpeg 768w, https:\/\/primicias2262.com\/noticias\/wp-content\/uploads\/2023\/11\/foto-lanzamiento-fiesta-23-4-1536x1152.jpeg 1536w, https:\/\/primicias2262.com\/noticias\/wp-content\/uploads\/2023\/11\/foto-lanzamiento-fiesta-23-4-150x113.jpeg 150w, https:\/\/primicias2262.com\/noticias\/wp-content\/uploads\/2023\/11\/foto-lanzamiento-fiesta-23-4-696x522.jpeg 696w, https:\/\/primicias2262.com\/noticias\/wp-content\/uploads\/2023\/11\/foto-lanzamiento-fiesta-23-4-1068x801.jpeg 1068w\" sizes=\"auto, (max-width: 1600px) 100vw, 1600px\" \/><\/a>A prop\u00f3sito de la FAPED, su presidente Santiago Veiga, a su vez vice del C\u00edrculo, cerr\u00f3 la ronda de alocuciones mencionando que se trabaja para contar con figuras nacionales del deporte en la pr\u00f3xima fiesta y resalt\u00f3 el compromiso de Del Valle.<\/p>\n<p>Durante la ceremonia de presentaci\u00f3n, acompa\u00f1aron la Uni\u00f3n de Clubes, a trav\u00e9s del dirigente Adolfo \u201cFito\u201d \u00c1vila, y el concejal del interbloque del Frente de Todos, Mauro Vel\u00e1zquez, quien en su momento gestionara el tr\u00e1mite de personer\u00eda jur\u00eddica en beneficio del C\u00edrculo.<\/p>\n<p><a href=\"https:\/\/primicias2262.com\/noticias\/wp-content\/uploads\/2023\/11\/foto-lanzamiento-fiesta23.jpeg\"><img loading=\"lazy\" decoding=\"async\" class=\"aligncenter size-full wp-image-104558\" src=\"https:\/\/primicias2262.com\/noticias\/wp-content\/uploads\/2023\/11\/foto-lanzamiento-fiesta23.jpeg\" alt=\"\" width=\"1600\" height=\"1200\" srcset=\"https:\/\/primicias2262.com\/noticias\/wp-content\/uploads\/2023\/11\/foto-lanzamiento-fiesta23.jpeg 1600w, https:\/\/primicias2262.com\/noticias\/wp-content\/uploads\/2023\/11\/foto-lanzamiento-fiesta23-300x225.jpeg 300w, https:\/\/primicias2262.com\/noticias\/wp-content\/uploads\/2023\/11\/foto-lanzamiento-fiesta23-1024x768.jpeg 1024w, https:\/\/primicias2262.com\/noticias\/wp-content\/uploads\/2023\/11\/foto-lanzamiento-fiesta23-768x576.jpeg 768w, https:\/\/primicias2262.com\/noticias\/wp-content\/uploads\/2023\/11\/foto-lanzamiento-fiesta23-1536x1152.jpeg 1536w, https:\/\/primicias2262.com\/noticias\/wp-content\/uploads\/2023\/11\/foto-lanzamiento-fiesta23-150x113.jpeg 150w, https:\/\/primicias2262.com\/noticias\/wp-content\/uploads\/2023\/11\/foto-lanzamiento-fiesta23-696x522.jpeg 696w, https:\/\/primicias2262.com\/noticias\/wp-content\/uploads\/2023\/11\/foto-lanzamiento-fiesta23-1068x801.jpeg 1068w\" sizes=\"auto, (max-width: 1600px) 100vw, 1600px\" \/><\/a><\/p>\n","protected":false},"excerpt":{"rendered":"<p>La entrega de los premios \u201cPuente Colgante\u201d ser\u00e1 el jueves 14 de diciembre, mientras que una semana antes se realizar\u00e1 en el Teatro Toledo la ceremonia de menciones y reconocimientos. Con un acto realizado en el Apart del Club Del Valle, el C\u00edrculo de Periodistas Deportivos junto a autoridades de la instituci\u00f3n anfitriona presentaron la [&hellip;]<\/p>\n","protected":false},"author":3,"featured_media":104555,"comment_status":"open","ping_status":"open","sticky":false,"template":"","format":"standard","meta":{"footnotes":""},"categories":[3],"tags":[],"class_list":["post-104554","post","type-post","status-publish","format-standard","has-post-thumbnail","category-masnoticias"],"_links":{"self":[{"href":"https:\/\/primicias2262.com\/noticias\/wp-json\/wp\/v2\/posts\/104554","targetHints":{"allow":["GET"]}}],"collection":[{"href":"https:\/\/primicias2262.com\/noticias\/wp-json\/wp\/v2\/posts"}],"about":[{"href":"https:\/\/primicias2262.com\/noticias\/wp-json\/wp\/v2\/types\/post"}],"author":[{"embeddable":true,"href":"https:\/\/primicias2262.com\/noticias\/wp-json\/wp\/v2\/users\/3"}],"replies":[{"embeddable":true,"href":"https:\/\/primicias2262.com\/noticias\/wp-json\/wp\/v2\/comments?post=104554"}],"version-history":[{"count":1,"href":"https:\/\/primicias2262.com\/noticias\/wp-json\/wp\/v2\/posts\/104554\/revisions"}],"predecessor-version":[{"id":104560,"href":"https:\/\/primicias2262.com\/noticias\/wp-json\/wp\/v2\/posts\/104554\/revisions\/104560"}],"wp:featuredmedia":[{"embeddable":true,"href":"https:\/\/primicias2262.com\/noticias\/wp-json\/wp\/v2\/media\/104555"}],"wp:attachment":[{"href":"https:\/\/primicias2262.com\/noticias\/wp-json\/wp\/v2\/media?parent=104554"}],"wp:term":[{"taxonomy":"category","embeddable":true,"href":"https:\/\/primicias2262.com\/noticias\/wp-json\/wp\/v2\/categories?post=104554"},{"taxonomy":"post_tag","embeddable":true,"href":"https:\/\/primicias2262.com\/noticias\/wp-json\/wp\/v2\/tags?post=104554"}],"curies":[{"name":"wp","href":"https:\/\/api.w.org\/{rel}","templated":true}]}}