{"id":104569,"date":"2023-11-10T14:21:00","date_gmt":"2023-11-10T14:21:00","guid":{"rendered":"https:\/\/primicias2262.com\/noticias\/?p=104569"},"modified":"2023-11-11T16:42:48","modified_gmt":"2023-11-11T16:42:48","slug":"secuestro-de-vehiculo-en-la-terminal-la-plataforma-que-estaba-utilizando-era-uber","status":"publish","type":"post","link":"https:\/\/primicias2262.com\/noticias\/secuestro-de-vehiculo-en-la-terminal-la-plataforma-que-estaba-utilizando-era-uber\/","title":{"rendered":"Secuestro de veh\u00edculo en la Terminal: \u201cLa plataforma que estaba utilizando era Uber\u201d"},"content":{"rendered":"<p><strong>As\u00ed lo confirm\u00f3 el director de Transporte de la Municipalidad, Facundo Croci, acerca de la unidad que oficiaba como rem\u00eds y fue detectada en la noche del jueves. \u201cUtilizar un veh\u00edculo particular para transporte p\u00fablico, sin VTV, ni seguro para transporte, sin la debida Categor\u00eda D1 es una falta grave\u201d, afirm\u00f3.<\/strong><\/p>\n<p>Al ser consultado por el periodista Jorge G\u00f3mez en \u201cVoces de la Ciudad, Croci confirm\u00f3 que la Municipalidad procedi\u00f3 a infraccionar en la Terminal de \u00d3mnibus y secuestrar una unidad vinculada al sistema Uber. A la llegada de un micro de Mar del Plata, una persona al bajar pidi\u00f3 un Uber, tras lo que apareci\u00f3 un auto para ofrecer el servicio, delante del personal de Transporte de la Municipalidad, que se recuerda tiene presencia en la Terminal, por lo cual se procedi\u00f3 a hacer el acta y retiro de la unidad del servicio.<\/p>\n<p>El funcionario municipal describi\u00f3 que \u201cel veh\u00edculo estaba haciendo transporte irregular de pasajeros, ya que no contaba con ninguna habilitaci\u00f3n del municipio para poder transportar personas, y de esa manera infring\u00eda la Ley n\u00ba 24.449 inciso K del Art\u00edculo 53. No tiene permiso, autorizaci\u00f3n o habilitaci\u00f3n para el \u00e1rea jurisdiccional y termina siendo transporte irregular de pasajeros\u201d.<\/p>\n<p>Seguidamente agreg\u00f3 que \u201cla plataforma que estaba utilizando es Uber, y es la misma infracci\u00f3n que cuando hemos hecho operativos en ruta y el auto no est\u00e1 habilitado: esa clase de falta corresponde a un secuestro de la unidad, porque califica como falta de grave. Utilizar un veh\u00edculo particular para transporte p\u00fablico, sin VTV, ni seguro para transporte, sin la debida Categor\u00eda D1 es una falta grave\u201d.<\/p>\n<p>En cuanto al chofer del veh\u00edculo, Croci indic\u00f3 que \u201cla persona esgrimi\u00f3 que es de Mar del Plata, el veh\u00edculo est\u00e1 radicado all\u00ed y despu\u00e9s nos inform\u00f3 que hac\u00eda un mes que estaba viviendo ac\u00e1, as\u00ed que es de Necochea\u201d.<\/p>\n<p><strong>FOTO: TSN Necochea<\/strong><\/p>\n","protected":false},"excerpt":{"rendered":"<p>As\u00ed lo confirm\u00f3 el director de Transporte de la Municipalidad, Facundo Croci, acerca de la unidad que oficiaba como rem\u00eds y fue detectada en la noche del jueves. \u201cUtilizar un veh\u00edculo particular para transporte p\u00fablico, sin VTV, ni seguro para transporte, sin la debida Categor\u00eda D1 es una falta grave\u201d, afirm\u00f3. Al ser consultado por [&hellip;]<\/p>\n","protected":false},"author":3,"featured_media":104570,"comment_status":"open","ping_status":"open","sticky":false,"template":"","format":"standard","meta":{"footnotes":""},"categories":[3],"tags":[],"class_list":["post-104569","post","type-post","status-publish","format-standard","has-post-thumbnail","category-masnoticias"],"_links":{"self":[{"href":"https:\/\/primicias2262.com\/noticias\/wp-json\/wp\/v2\/posts\/104569","targetHints":{"allow":["GET"]}}],"collection":[{"href":"https:\/\/primicias2262.com\/noticias\/wp-json\/wp\/v2\/posts"}],"about":[{"href":"https:\/\/primicias2262.com\/noticias\/wp-json\/wp\/v2\/types\/post"}],"author":[{"embeddable":true,"href":"https:\/\/primicias2262.com\/noticias\/wp-json\/wp\/v2\/users\/3"}],"replies":[{"embeddable":true,"href":"https:\/\/primicias2262.com\/noticias\/wp-json\/wp\/v2\/comments?post=104569"}],"version-history":[{"count":1,"href":"https:\/\/primicias2262.com\/noticias\/wp-json\/wp\/v2\/posts\/104569\/revisions"}],"predecessor-version":[{"id":104571,"href":"https:\/\/primicias2262.com\/noticias\/wp-json\/wp\/v2\/posts\/104569\/revisions\/104571"}],"wp:featuredmedia":[{"embeddable":true,"href":"https:\/\/primicias2262.com\/noticias\/wp-json\/wp\/v2\/media\/104570"}],"wp:attachment":[{"href":"https:\/\/primicias2262.com\/noticias\/wp-json\/wp\/v2\/media?parent=104569"}],"wp:term":[{"taxonomy":"category","embeddable":true,"href":"https:\/\/primicias2262.com\/noticias\/wp-json\/wp\/v2\/categories?post=104569"},{"taxonomy":"post_tag","embeddable":true,"href":"https:\/\/primicias2262.com\/noticias\/wp-json\/wp\/v2\/tags?post=104569"}],"curies":[{"name":"wp","href":"https:\/\/api.w.org\/{rel}","templated":true}]}}