{"id":104572,"date":"2023-11-11T15:29:20","date_gmt":"2023-11-11T15:29:20","guid":{"rendered":"https:\/\/primicias2262.com\/noticias\/?p=104572"},"modified":"2023-11-12T20:05:43","modified_gmt":"2023-11-12T20:05:43","slug":"empleados-de-comercio-abordan-tematicas-de-violencia-adicciones-y-maltrato-en-el-ambito-laboral","status":"publish","type":"post","link":"https:\/\/primicias2262.com\/noticias\/empleados-de-comercio-abordan-tematicas-de-violencia-adicciones-y-maltrato-en-el-ambito-laboral\/","title":{"rendered":"Empleados de Comercio abordan tem\u00e1ticas de violencia, adicciones y maltrato en el \u00e1mbito laboral"},"content":{"rendered":"<p><strong>A trav\u00e9s de una jornada desarrollada en el camping de SUPARA, El Sindicato de Empleados de Comercio brinda en conjunto con la Federaci\u00f3n Argentina de Empleados de Comercio y Servicio, una charla para abordar problem\u00e1ticas actuales que los atraviesan, como violencia, adicciones y maltrato.<\/strong><\/p>\n<p>En relaci\u00f3n a ello, pas\u00f3 por los estudios de \u201cVoces de la Ciudad\u201d, uno de los integrantes de dicho sindicato, Javier J\u00e1uregui, quien m\u00e1s all\u00e1 de la jornada de este viernes denominada \u201cProblem\u00e1tica de la Sociedad Actual. Adicciones, Violencia y Maltrato\u201d, ampli\u00f3 que \u201cesto tiene que ver con una realidad que nos est\u00e1 atravesando que se detecta a trav\u00e9s de la Federaci\u00f3n Argentina y la Federaci\u00f3n local se hace eco.<\/p>\n<p>\u00abEl Sindicato de Empleados de Comercio lleva adelante la tarea de los institutos Penovi y vemos que tanto los empleados en \u00e1mbitos laborales como la sociedad en general est\u00e1n atravesados por un proceso de violencia, adicciones y maltratos cotidianos\u201d, a\u00f1adi\u00f3.<\/p>\n<p>Por ende, \u201cla idea nuestra es empezar a poner en agenda estas tem\u00e1ticas, si bien sabemos que hay equipos profesionales espec\u00edficos en la ciudad trabajando en estas cosas, hace falta una movida comunitaria\u201d, argument\u00f3.<\/p>\n<p>Con el impulso de la Secretar\u00eda de Asistencia Social de la Federaci\u00f3n de Empleados de Comercio y Servicio, \u201cel objetivo es construir un espacio de reflexi\u00f3n, debate y planificaci\u00f3n para abordaje de situaciones como la violencia y adicciones en el \u00e1mbito laboral\u201d, se\u00f1al\u00f3 Javier, alertando que \u201cnosotros estamos viendo una luz roja que nos avisa\u201d.<\/p>\n<p>Al respecto, manifest\u00f3 que \u201cel nivel de consumo problem\u00e1tico de sustancias y adicciones de todo tipo y todas las sustancias que te imagines atraviesan los \u00e1mbitos laborales; asimismo es cotidiano leer cualquier parte policial para ver que hay situaciones de violencia de g\u00e9nero, violencia con menores y entendemos que hay que dar una mirada m\u00e1s integral desde la prevenci\u00f3n\u201d.<\/p>\n<p>Para ello, valor\u00f3 el trabajo que se hace junto a los dos equipos interdisciplinarios de CPA, tanto de adicciones como de violencia, \u201cque est\u00e1n en la trinchera todos los d\u00edas\u201d, y a partir del intercambio con la gente que asisti\u00f3 a la jornada se ver\u00e1 c\u00f3mo se procede a corto plazo. \u201cLa idea es que nos juntemos y empecemos a hablar de esto que nos est\u00e1 pegando fuertemente, me parece una muy buena oportunidad para visibilizar estas cosas\u201d, culmin\u00f3 J\u00e1uregui.<\/p>\n","protected":false},"excerpt":{"rendered":"<p>A trav\u00e9s de una jornada desarrollada en el camping de SUPARA, El Sindicato de Empleados de Comercio brinda en conjunto con la Federaci\u00f3n Argentina de Empleados de Comercio y Servicio, una charla para abordar problem\u00e1ticas actuales que los atraviesan, como violencia, adicciones y maltrato. En relaci\u00f3n a ello, pas\u00f3 por los estudios de \u201cVoces de [&hellip;]<\/p>\n","protected":false},"author":3,"featured_media":104580,"comment_status":"open","ping_status":"open","sticky":false,"template":"","format":"standard","meta":{"footnotes":""},"categories":[3],"tags":[],"class_list":["post-104572","post","type-post","status-publish","format-standard","has-post-thumbnail","category-masnoticias"],"_links":{"self":[{"href":"https:\/\/primicias2262.com\/noticias\/wp-json\/wp\/v2\/posts\/104572","targetHints":{"allow":["GET"]}}],"collection":[{"href":"https:\/\/primicias2262.com\/noticias\/wp-json\/wp\/v2\/posts"}],"about":[{"href":"https:\/\/primicias2262.com\/noticias\/wp-json\/wp\/v2\/types\/post"}],"author":[{"embeddable":true,"href":"https:\/\/primicias2262.com\/noticias\/wp-json\/wp\/v2\/users\/3"}],"replies":[{"embeddable":true,"href":"https:\/\/primicias2262.com\/noticias\/wp-json\/wp\/v2\/comments?post=104572"}],"version-history":[{"count":2,"href":"https:\/\/primicias2262.com\/noticias\/wp-json\/wp\/v2\/posts\/104572\/revisions"}],"predecessor-version":[{"id":104583,"href":"https:\/\/primicias2262.com\/noticias\/wp-json\/wp\/v2\/posts\/104572\/revisions\/104583"}],"wp:featuredmedia":[{"embeddable":true,"href":"https:\/\/primicias2262.com\/noticias\/wp-json\/wp\/v2\/media\/104580"}],"wp:attachment":[{"href":"https:\/\/primicias2262.com\/noticias\/wp-json\/wp\/v2\/media?parent=104572"}],"wp:term":[{"taxonomy":"category","embeddable":true,"href":"https:\/\/primicias2262.com\/noticias\/wp-json\/wp\/v2\/categories?post=104572"},{"taxonomy":"post_tag","embeddable":true,"href":"https:\/\/primicias2262.com\/noticias\/wp-json\/wp\/v2\/tags?post=104572"}],"curies":[{"name":"wp","href":"https:\/\/api.w.org\/{rel}","templated":true}]}}